{"id":5471,"date":"2021-08-30T08:24:56","date_gmt":"2021-08-30T08:24:56","guid":{"rendered":"https:\/\/titanillaeideh.com\/?p=5471"},"modified":"2022-08-04T15:15:06","modified_gmt":"2022-08-04T15:15:06","slug":"che-cose-lo-schussler-so-e-che-rapporto-ha-con-i-materiali-asvany","status":"publish","type":"post","link":"https:\/\/titanillaeideh.com\/it\/che-cose-lo-schussler-so-e-che-rapporto-ha-con-i-materiali-asvany\/","title":{"rendered":"Che cos'\u00e8 il sale di Sch\u00fcssler e che rapporto ha con i minerali?"},"content":{"rendered":"<p>[et_pb_section fb_built=&#8221;1&#8243; _builder_version=&#8221;4.16&#8243; custom_margin=&#8221;0px||0px&#8221; custom_padding=&#8221;0px||0px|||&#8221; global_colors_info=&#8221;{}&#8221;][et_pb_row module_class=&#8221; et_pb_row_fullwidth&#8221; _builder_version=&#8221;4.16&#8243; width=&#8221;100%&#8221; width_tablet=&#8221;85%&#8221; width_phone=&#8221;85%&#8221; width_last_edited=&#8221;on|tablet&#8221; max_width=&#8221;1600px&#8221; custom_margin_tablet=&#8221;&#8221; custom_margin_phone=&#8221;||||false|false&#8221; custom_margin_last_edited=&#8221;on|phone&#8221; custom_padding=&#8221;||3px|||&#8221; make_fullwidth=&#8221;on&#8221; global_colors_info=&#8221;{}&#8221;][et_pb_column type=&#8221;4_4&#8243; _builder_version=&#8221;4.16&#8243; custom_padding=&#8221;|||&#8221; global_colors_info=&#8221;{}&#8221; custom_padding__hover=&#8221;|||&#8221;][et_pb_post_title date=&#8221;off&#8221; comments=&#8221;off&#8221; featured_placement=&#8221;background&#8221; text_color=&#8221;light&#8221; _builder_version=&#8221;4.16&#8243; title_font=&#8221;|700|||||||&#8221; title_text_align=&#8221;center&#8221; title_text_color=&#8221;#ffffff&#8221; title_font_size=&#8221;50px&#8221; title_line_height=&#8221;1.6em&#8221; meta_font=&#8221;||||||||&#8221; meta_text_align=&#8221;center&#8221; meta_text_color=&#8221;#ffffff&#8221; meta_font_size=&#8221;25px&#8221; meta_line_height=&#8221;1.6em&#8221; background_image=&#8221;https:\/\/titanillaeideh.com\/wp-content\/uploads\/\u00f6r\u00f6kl\u00f6tt-mint\u00e1k1.jpg&#8221; custom_margin=&#8221;||&#8221; custom_padding=&#8221;179px||132px|||&#8221; title_font_size_tablet=&#8221;&#8221; title_font_size_phone=&#8221;36px&#8221; title_font_size_last_edited=&#8221;on|phone&#8221; meta_font_size_tablet=&#8221;&#8221; meta_font_size_phone=&#8221;20px&#8221; meta_font_size_last_edited=&#8221;on|desktop&#8221; title_text_shadow_style=&#8221;preset1&#8243; global_colors_info=&#8221;{}&#8221;][\/et_pb_post_title][\/et_pb_column][\/et_pb_row][\/et_pb_section][et_pb_section fb_built=&#8221;1&#8243; _builder_version=&#8221;4.16&#8243; custom_padding=&#8221;||1px|||&#8221; global_colors_info=&#8221;{}&#8221;][et_pb_row module_class=&#8221; et_pb_row_fullwidth&#8221; _builder_version=&#8221;4.16&#8243; width=&#8221;90%&#8221; width_tablet=&#8221;85%&#8221; width_phone=&#8221;85%&#8221; width_last_edited=&#8221;on|tablet&#8221; custom_margin_tablet=&#8221;&#8221; custom_margin_phone=&#8221;||||false|false&#8221; custom_margin_last_edited=&#8221;on|phone&#8221; custom_padding=&#8221;||3px|||&#8221; global_colors_info=&#8221;{}&#8221;][et_pb_column type=&#8221;4_4&#8243; _builder_version=&#8221;4.16&#8243; custom_padding=&#8221;||||false|false&#8221; global_colors_info=&#8221;{}&#8221;][et_pb_text _builder_version=&#8221;4.16&#8243; ul_line_height=&#8221;1.8em&#8221; ol_line_height=&#8221;1.6em&#8221; header_2_font=&#8221;|700|||||||&#8221; header_2_font_size=&#8221;27px&#8221; header_2_line_height=&#8221;1.2em&#8221; custom_padding=&#8221;4px|||6px||&#8221; global_colors_info=&#8221;{}&#8221;]<\/p>\n<p><span style=\"font-size: 18px;\">Qual \u00e8 il <\/span><strong style=\"font-size: 18px;\">Il sale di Sch\u00fcssler e il suo rapporto con i minerali<\/strong><span style=\"font-size: 18px;\">? \u00c8 la domanda a cui risponde questo articolo, che chiarisce molte disinformazioni e omissioni.<\/span><span style=\"font-weight: 400;\"><\/span><\/p>\n<h2><span style=\"font-weight: 400;\">Relazione tra minerali e sale di Sch\u00fcssler<\/span><\/h2>\n<p><span style=\"font-weight: 400;\">I minerali svolgono un ruolo importante in quasi tutte le fasi del metabolismo. Un minerale svolge diverse funzioni nell'organismo. <\/span><\/p>\n<blockquote>\n<p><span style=\"font-weight: 400;\"><strong>A<\/strong> <strong>I minerali di cui l'organismo ha bisogno in quali quantit\u00e0 sono influenzati dall'et\u00e0, dal sesso, dalla salute e dall'attivit\u00e0 fisica.<\/strong>. <\/span><\/p>\n<\/blockquote>\n<p><span style=\"font-weight: 400;\">Se si assumono meno minerali nell'organismo, il loro assorbimento e la loro assimilazione risultano alterati, il che pu\u00f2 portare allo sviluppo di varie malattie. I sali di Sch\u00fcssler possono aiutarci a raggiungere questo delicato equilibrio.<\/span><\/p>\n<p><span style=\"font-weight: 400;\">Tuttavia, il sistema terapeutico del Dr. William Sch\u00fcssler non \u00e8 una terapia sostitutiva diretta, ma una terapia stimolante per il corpo, per le cellule.<\/span><\/p>\n<blockquote>\n<p><strong>I sali di Sch\u00fcssler non compensano la carenza vera e propria, ma danno all'organismo lo stimolo di ci\u00f2 che deve fare per correggere la carenza di sali minerali.\u00a0<\/strong><\/p>\n<\/blockquote>\n<p><span style=\"font-weight: 400;\">I componenti dei sali minerali evidenziati dal Dr. W. Sch\u00fcssler sono attualmente considerati dalla scienza come macro o microelementi, ovvero minerali essenziali per l'organismo.<\/span><\/p>\n<h2><span style=\"font-weight: 400;\">Il sale di Sch\u00fcssler non \u00e8 omeopatia!<\/span><\/h2>\n<p><span style=\"font-weight: 400;\">I sali di Sch\u00fcssler non sono omeopatici, ma appartengono alla famiglia allargata dell'omeopatia. Di conseguenza, gli agenti funzionali di Sch\u00fcssler vengono strofinati in lattosio, potenziati e tabulati come descritto nella farmacopea omeopatica. Questo procedimento garantisce un elevato grado di scoperta e reattivit\u00e0 dei principi attivi. Gli agenti biochimici hanno quindi dimensioni approssimativamente molecolari e in questa forma - come ioni - sono in grado di attraversare le membrane cellulari.<\/span><\/p>\n<p><span style=\"font-weight: 400;\">Pur essendo prodotti in modo omeopatico, sono realizzati con una tecnica diversa rispetto ai tradizionali pellet omeopatici. Poich\u00e9 questa \u00e8 la forma in cui possono esercitare il giusto effetto sulle cellule, essi<strong> non pu\u00f2 essere sostituito dai tradizionali pellet omeopatici<\/strong> (o solo se giustificato dal punto di vista medico, ad esempio in caso di grave intolleranza al lattosio).\u00a0<br \/>L'equivoco comune, come abbiamo visto sopra, \u00e8 che vengono prodotti in modo simile ai rimedi omeopatici, ma il meccanismo d'azione \u00e8 completamente diverso.<\/span><\/p>\n<h2><span style=\"font-weight: 400;\">Uso del sale di Sch\u00fcssler<\/span><\/h2>\n<p><span style=\"font-weight: 400;\">Possiamo trattarla con l'aiuto di sali minerali:<\/span><\/p>\n<p><span style=\"font-weight: 400;\"><strong>- acuto - <\/strong>\u00a0Malattie improvvise (influenza, crampi renali, lombalgia), malattie croniche (emorroidi, vene varicose). <em><strong><a href=\"https:\/\/titanillaeideh.com\/it\/villam-konzultacio\/\">Consultazione online fulminea<\/a><\/strong><\/em> pu\u00f2 aiutare <span style=\"font-size: 18px;\">risolvere rapidamente il problema.<\/span><br \/><strong>- situazioni di deficit<\/strong>\u00a0 - la mancanza di sali minerali crea anomalie visibili nel viso, che diventano evidenti una volta acquisita la padronanza della diagnostica facciale. Per esempio, un <strong><a href=\"https:\/\/titanillaeideh.com\/it\/schussler-so-a-szepsegiparban-kurzus\/\">estetista durante un trattamento viso<\/a> <\/strong>pu\u00f2 anche eseguire una diagnosi completa del viso, portando i vostri servizi a un livello superiore.<\/span><\/p>\n<p><strong>Alcune malattie possono essere prevenute con l'aiuto dei sali di Sch\u00fcssler, poich\u00e9 in molti casi la carenza di un sale minerale si manifesta prima di causare una malattia.<\/strong><\/p>\n<p>[\/et_pb_text][et_pb_text _builder_version=&#8221;4.16&#8243; _module_preset=&#8221;default&#8221; text_font=&#8221;|300|||||||&#8221; custom_padding=&#8221;20px||||false|false&#8221; border_width_top=&#8221;1px&#8221; border_color_top=&#8221;rgba(107,55,115,0.17)&#8221; global_colors_info=&#8221;{}&#8221;]<\/p>\n<h3>I sali di Sch\u00fcssler nella vita quotidiana<\/h3>\n<p><span>[corso online]<\/span><\/p>\n<p><span>Vi piacerebbe utilizzare questo metodo naturale per aiutare voi stessi e la vostra famiglia in caso di disturbi\/sintomi quotidiani (raffreddore, mal di testa, febbre, crampi...)?<\/span><\/p>\n<p>[\/et_pb_text][et_pb_button button_url=&#8221;https:\/\/titanillaeideh.com\/schussler-so-hasznalata-a-mindennapokban\/&#8221; button_text=&#8221;Tov\u00e1bb&#8221; _builder_version=&#8221;4.16&#8243; _module_preset=&#8221;default&#8221; global_colors_info=&#8221;{}&#8221;][\/et_pb_button][et_pb_text _builder_version=&#8221;4.17.4&#8243; custom_margin=&#8221;||-5px|||&#8221; hover_enabled=&#8221;0&#8243; global_colors_info=&#8221;{}&#8221; text_text_color=&#8221;#F5B509&#8243; sticky_enabled=&#8221;0&#8243;]<\/p>\n<p>Vi auguro una buona giornata,<br \/><em>Titanilla<\/em><\/p>\n<p>[\/et_pb_text][\/et_pb_column][\/et_pb_row][\/et_pb_section][et_pb_section fb_built=\"1\u2033 _builder_version=\"4.16\u2033 global_colors_info=\"{}\"][et_pb_row module_class=\" et_pb_row_fullwidth\" _builder_version=\"4.16\u2033 width=\"90%\" width_tablet=\"85%\" width_phone=\"85%\" width_last_edited=\"on|tablet\" custom_margin_tablet=\"\" custom_margin_phone=\"||||false|false\" custom_margin_last_edited=\"on|phone\" custom_padding=\"||3px||||\" global_colors_info=\"{}\"][et_pb_column type=\"4_4\u2033 _builder_version=\"4.16\u2033 global_colors_info=\"{}\"][et_pb_text _builder_version=\"4.16\u2033 text_text_color=\"#6b3773\u2033 text_font_size=\"30px\" global_colors_info=\"{}\"]<\/p>\n<p><strong>Altri articoli su questo argomento<\/strong><\/p>\n<p>[\/et_pb_text][et_pb_blog fullwidth=&#8221;off&#8221; include_categories=&#8221;current&#8221; show_thumbnail=&#8221;off&#8221; show_author=&#8221;off&#8221; show_date=&#8221;off&#8221; show_categories=&#8221;off&#8221; use_overlay=&#8221;on&#8221; _builder_version=&#8221;4.16&#8243; global_colors_info=&#8221;{}&#8221;][\/et_pb_blog][\/et_pb_column][\/et_pb_row][\/et_pb_section]<\/p>","protected":false},"excerpt":{"rendered":"<p>Mi a Sch\u00fcssler s\u00f3 \u00e9s milyen kapcsolata van az \u00e1sv\u00e1nyi anyagokkal? Erre a k\u00e9rd\u00e9sre ad v\u00e1laszt a cikk, tiszt\u00e1zva sok t\u00e9ves \u00e9s hi\u00e1nyos inform\u00e1ci\u00f3t. \u00c1sv\u00e1nyi anyagok \u00e9s a Sch\u00fcssler s\u00f3 kapcsolata Az \u00e1sv\u00e1nyi anyagok az anyagcsere szinte minden f\u00e1zis\u00e1ban fontos szerepet t\u00f6ltenek be. Egy-egy \u00e1sv\u00e1nyi anyag t\u00f6bb funkci\u00f3t is ell\u00e1t a szervezetben. Hogy melyik \u00e1sv\u00e1nyi [&hellip;]<\/p>","protected":false},"author":3,"featured_media":5480,"comment_status":"closed","ping_status":"open","sticky":false,"template":"","format":"standard","meta":{"_et_pb_use_builder":"on","_et_pb_old_content":"","_et_gb_content_width":"793","footnotes":""},"categories":[19],"tags":[],"class_list":["post-5471","post","type-post","status-publish","format-standard","has-post-thumbnail","hentry","category-schussler-so"],"yoast_head":"<!-- This site is optimized with the Yoast SEO plugin v27.1.1 - https:\/\/yoast.com\/product\/yoast-seo-wordpress\/ -->\n<title>Mi a Sch\u00fcssler s\u00f3 \u00e9s milyen kapcsolata van az \u00e1sv\u00e1nyi anyagokkal? | Titanilla Eideh<\/title>\n<meta name=\"description\" content=\"Mi a Sch\u00fcssler s\u00f3 \u00e9s milyen kapcsolatban van az \u00e1sv\u00e1nyi anyagokkal? Erre a k\u00e9rd\u00e9sre ad v\u00e1laszt a cikk, tiszt\u00e1zva sok t\u00e9ves inform\u00e1ci\u00f3t.\" \/>\n<meta name=\"robots\" content=\"index, follow, max-snippet:-1, max-image-preview:large, max-video-preview:-1\" \/>\n<link rel=\"canonical\" href=\"https:\/\/titanillaeideh.com\/it\/che-cose-lo-schussler-so-e-che-rapporto-ha-con-i-materiali-asvany\/\" \/>\n<meta property=\"og:locale\" content=\"it_IT\" \/>\n<meta property=\"og:type\" content=\"article\" \/>\n<meta property=\"og:title\" content=\"Mi a Sch\u00fcssler s\u00f3 \u00e9s milyen kapcsolata van az \u00e1sv\u00e1nyi anyagokkal? | Titanilla Eideh\" \/>\n<meta property=\"og:description\" content=\"Mi a Sch\u00fcssler s\u00f3 \u00e9s milyen kapcsolatban van az \u00e1sv\u00e1nyi anyagokkal? Erre a k\u00e9rd\u00e9sre ad v\u00e1laszt a cikk, tiszt\u00e1zva sok t\u00e9ves inform\u00e1ci\u00f3t.\" \/>\n<meta property=\"og:url\" content=\"https:\/\/titanillaeideh.com\/it\/che-cose-lo-schussler-so-e-che-rapporto-ha-con-i-materiali-asvany\/\" \/>\n<meta property=\"og:site_name\" content=\"Titanilla Eideh\" \/>\n<meta property=\"article:published_time\" content=\"2021-08-30T08:24:56+00:00\" \/>\n<meta property=\"article:modified_time\" content=\"2022-08-04T15:15:06+00:00\" \/>\n<meta property=\"og:image\" content=\"https:\/\/titanillaeideh.com\/wp-content\/uploads\/mi-a-schussler-so-1.jpg\" \/>\n\t<meta property=\"og:image:width\" content=\"1920\" \/>\n\t<meta property=\"og:image:height\" content=\"1279\" \/>\n\t<meta property=\"og:image:type\" content=\"image\/jpeg\" \/>\n<meta name=\"author\" content=\"Eideh Titanilla\" \/>\n<meta name=\"twitter:card\" content=\"summary_large_image\" \/>\n<meta name=\"twitter:label1\" content=\"Scritto da\" \/>\n\t<meta name=\"twitter:data1\" content=\"Eideh Titanilla\" \/>\n\t<meta name=\"twitter:label2\" content=\"Tempo di lettura stimato\" \/>\n\t<meta name=\"twitter:data2\" content=\"3 minuti\" \/>\n<script type=\"application\/ld+json\" class=\"yoast-schema-graph\">{\"@context\":\"https:\/\/schema.org\",\"@graph\":[{\"@type\":\"Article\",\"@id\":\"https:\/\/titanillaeideh.com\/mi-a-schussler-so-es-milyen-kapcsolata-van-az-asvanyi-anyagokkal\/#article\",\"isPartOf\":{\"@id\":\"https:\/\/titanillaeideh.com\/mi-a-schussler-so-es-milyen-kapcsolata-van-az-asvanyi-anyagokkal\/\"},\"author\":{\"name\":\"Eideh Titanilla\",\"@id\":\"https:\/\/titanillaeideh.com\/#\/schema\/person\/3a6082ce6b4aa7e2fc1c9e09a1588a2a\"},\"headline\":\"Mi a Sch\u00fcssler s\u00f3 \u00e9s milyen kapcsolata van az \u00e1sv\u00e1nyi anyagokkal?\",\"datePublished\":\"2021-08-30T08:24:56+00:00\",\"dateModified\":\"2022-08-04T15:15:06+00:00\",\"mainEntityOfPage\":{\"@id\":\"https:\/\/titanillaeideh.com\/mi-a-schussler-so-es-milyen-kapcsolata-van-az-asvanyi-anyagokkal\/\"},\"wordCount\":1230,\"publisher\":{\"@id\":\"https:\/\/titanillaeideh.com\/#\/schema\/person\/3a6082ce6b4aa7e2fc1c9e09a1588a2a\"},\"image\":{\"@id\":\"https:\/\/titanillaeideh.com\/mi-a-schussler-so-es-milyen-kapcsolata-van-az-asvanyi-anyagokkal\/#primaryimage\"},\"thumbnailUrl\":\"https:\/\/titanillaeideh.com\/wp-content\/uploads\/mi-a-schussler-so-1.jpg\",\"articleSection\":[\"Sch\u00fcssler s\u00f3\"],\"inLanguage\":\"it-IT\"},{\"@type\":\"WebPage\",\"@id\":\"https:\/\/titanillaeideh.com\/mi-a-schussler-so-es-milyen-kapcsolata-van-az-asvanyi-anyagokkal\/\",\"url\":\"https:\/\/titanillaeideh.com\/mi-a-schussler-so-es-milyen-kapcsolata-van-az-asvanyi-anyagokkal\/\",\"name\":\"Mi a Sch\u00fcssler s\u00f3 \u00e9s milyen kapcsolata van az \u00e1sv\u00e1nyi anyagokkal? | Titanilla Eideh\",\"isPartOf\":{\"@id\":\"https:\/\/titanillaeideh.com\/#website\"},\"primaryImageOfPage\":{\"@id\":\"https:\/\/titanillaeideh.com\/mi-a-schussler-so-es-milyen-kapcsolata-van-az-asvanyi-anyagokkal\/#primaryimage\"},\"image\":{\"@id\":\"https:\/\/titanillaeideh.com\/mi-a-schussler-so-es-milyen-kapcsolata-van-az-asvanyi-anyagokkal\/#primaryimage\"},\"thumbnailUrl\":\"https:\/\/titanillaeideh.com\/wp-content\/uploads\/mi-a-schussler-so-1.jpg\",\"datePublished\":\"2021-08-30T08:24:56+00:00\",\"dateModified\":\"2022-08-04T15:15:06+00:00\",\"description\":\"Mi a Sch\u00fcssler s\u00f3 \u00e9s milyen kapcsolatban van az \u00e1sv\u00e1nyi anyagokkal? Erre a k\u00e9rd\u00e9sre ad v\u00e1laszt a cikk, tiszt\u00e1zva sok t\u00e9ves inform\u00e1ci\u00f3t.\",\"breadcrumb\":{\"@id\":\"https:\/\/titanillaeideh.com\/mi-a-schussler-so-es-milyen-kapcsolata-van-az-asvanyi-anyagokkal\/#breadcrumb\"},\"inLanguage\":\"it-IT\",\"potentialAction\":[{\"@type\":\"ReadAction\",\"target\":[\"https:\/\/titanillaeideh.com\/mi-a-schussler-so-es-milyen-kapcsolata-van-az-asvanyi-anyagokkal\/\"]}]},{\"@type\":\"ImageObject\",\"inLanguage\":\"it-IT\",\"@id\":\"https:\/\/titanillaeideh.com\/mi-a-schussler-so-es-milyen-kapcsolata-van-az-asvanyi-anyagokkal\/#primaryimage\",\"url\":\"https:\/\/titanillaeideh.com\/wp-content\/uploads\/mi-a-schussler-so-1.jpg\",\"contentUrl\":\"https:\/\/titanillaeideh.com\/wp-content\/uploads\/mi-a-schussler-so-1.jpg\",\"width\":1920,\"height\":1279,\"caption\":\"Mi a sch\u00fcssler s\u00f3?\"},{\"@type\":\"BreadcrumbList\",\"@id\":\"https:\/\/titanillaeideh.com\/mi-a-schussler-so-es-milyen-kapcsolata-van-az-asvanyi-anyagokkal\/#breadcrumb\",\"itemListElement\":[{\"@type\":\"ListItem\",\"position\":1,\"name\":\"Home\",\"item\":\"https:\/\/titanillaeideh.com\/\"},{\"@type\":\"ListItem\",\"position\":2,\"name\":\"Mi a Sch\u00fcssler s\u00f3 \u00e9s milyen kapcsolata van az \u00e1sv\u00e1nyi anyagokkal?\"}]},{\"@type\":\"WebSite\",\"@id\":\"https:\/\/titanillaeideh.com\/#website\",\"url\":\"https:\/\/titanillaeideh.com\/\",\"name\":\"Titanilla Eideh\",\"description\":\"Sch\u00fcssler s\u00f3k, integr\u00e1l coaching, tr\u00e9ningek, spiritualit\u00e1s\",\"publisher\":{\"@id\":\"https:\/\/titanillaeideh.com\/#\/schema\/person\/3a6082ce6b4aa7e2fc1c9e09a1588a2a\"},\"potentialAction\":[{\"@type\":\"SearchAction\",\"target\":{\"@type\":\"EntryPoint\",\"urlTemplate\":\"https:\/\/titanillaeideh.com\/?s={search_term_string}\"},\"query-input\":{\"@type\":\"PropertyValueSpecification\",\"valueRequired\":true,\"valueName\":\"search_term_string\"}}],\"inLanguage\":\"it-IT\"},{\"@type\":[\"Person\",\"Organization\"],\"@id\":\"https:\/\/titanillaeideh.com\/#\/schema\/person\/3a6082ce6b4aa7e2fc1c9e09a1588a2a\",\"name\":\"Eideh Titanilla\",\"image\":{\"@type\":\"ImageObject\",\"inLanguage\":\"it-IT\",\"@id\":\"https:\/\/titanillaeideh.com\/#\/schema\/person\/image\/\",\"url\":\"https:\/\/secure.gravatar.com\/avatar\/5313cc31c079db4a9c35c765d583e4baec7e37200590f4177bb2e208b451bbeb?s=96&d=mm&r=g\",\"contentUrl\":\"https:\/\/secure.gravatar.com\/avatar\/5313cc31c079db4a9c35c765d583e4baec7e37200590f4177bb2e208b451bbeb?s=96&d=mm&r=g\",\"caption\":\"Eideh Titanilla\"},\"logo\":{\"@id\":\"https:\/\/titanillaeideh.com\/#\/schema\/person\/image\/\"},\"url\":\"https:\/\/titanillaeideh.com\/it\/author\/zsuzsi\/\"}]}<\/script>\n<!-- \/ Yoast SEO plugin. -->","yoast_head_json":{"title":"Cos'\u00e8 il sale di Sch\u00fcssler e che rapporto ha con i minerali? | Titanilla Eideh","description":"Che cos'\u00e8 il sale di Sch\u00fcssler e che rapporto ha con i minerali? Questa domanda trova risposta in questo articolo, chiarendo molte disinformazioni.","robots":{"index":"index","follow":"follow","max-snippet":"max-snippet:-1","max-image-preview":"max-image-preview:large","max-video-preview":"max-video-preview:-1"},"canonical":"https:\/\/titanillaeideh.com\/it\/che-cose-lo-schussler-so-e-che-rapporto-ha-con-i-materiali-asvany\/","og_locale":"it_IT","og_type":"article","og_title":"Mi a Sch\u00fcssler s\u00f3 \u00e9s milyen kapcsolata van az \u00e1sv\u00e1nyi anyagokkal? | Titanilla Eideh","og_description":"Mi a Sch\u00fcssler s\u00f3 \u00e9s milyen kapcsolatban van az \u00e1sv\u00e1nyi anyagokkal? Erre a k\u00e9rd\u00e9sre ad v\u00e1laszt a cikk, tiszt\u00e1zva sok t\u00e9ves inform\u00e1ci\u00f3t.","og_url":"https:\/\/titanillaeideh.com\/it\/che-cose-lo-schussler-so-e-che-rapporto-ha-con-i-materiali-asvany\/","og_site_name":"Titanilla Eideh","article_published_time":"2021-08-30T08:24:56+00:00","article_modified_time":"2022-08-04T15:15:06+00:00","og_image":[{"width":1920,"height":1279,"url":"https:\/\/titanillaeideh.com\/wp-content\/uploads\/mi-a-schussler-so-1.jpg","type":"image\/jpeg"}],"author":"Eideh Titanilla","twitter_card":"summary_large_image","twitter_misc":{"Scritto da":"Eideh Titanilla","Tempo di lettura stimato":"3 minuti"},"schema":{"@context":"https:\/\/schema.org","@graph":[{"@type":"Article","@id":"https:\/\/titanillaeideh.com\/mi-a-schussler-so-es-milyen-kapcsolata-van-az-asvanyi-anyagokkal\/#article","isPartOf":{"@id":"https:\/\/titanillaeideh.com\/mi-a-schussler-so-es-milyen-kapcsolata-van-az-asvanyi-anyagokkal\/"},"author":{"name":"Eideh Titanilla","@id":"https:\/\/titanillaeideh.com\/#\/schema\/person\/3a6082ce6b4aa7e2fc1c9e09a1588a2a"},"headline":"Mi a Sch\u00fcssler s\u00f3 \u00e9s milyen kapcsolata van az \u00e1sv\u00e1nyi anyagokkal?","datePublished":"2021-08-30T08:24:56+00:00","dateModified":"2022-08-04T15:15:06+00:00","mainEntityOfPage":{"@id":"https:\/\/titanillaeideh.com\/mi-a-schussler-so-es-milyen-kapcsolata-van-az-asvanyi-anyagokkal\/"},"wordCount":1230,"publisher":{"@id":"https:\/\/titanillaeideh.com\/#\/schema\/person\/3a6082ce6b4aa7e2fc1c9e09a1588a2a"},"image":{"@id":"https:\/\/titanillaeideh.com\/mi-a-schussler-so-es-milyen-kapcsolata-van-az-asvanyi-anyagokkal\/#primaryimage"},"thumbnailUrl":"https:\/\/titanillaeideh.com\/wp-content\/uploads\/mi-a-schussler-so-1.jpg","articleSection":["Sch\u00fcssler s\u00f3"],"inLanguage":"it-IT"},{"@type":"WebPage","@id":"https:\/\/titanillaeideh.com\/mi-a-schussler-so-es-milyen-kapcsolata-van-az-asvanyi-anyagokkal\/","url":"https:\/\/titanillaeideh.com\/mi-a-schussler-so-es-milyen-kapcsolata-van-az-asvanyi-anyagokkal\/","name":"Cos'\u00e8 il sale di Sch\u00fcssler e che rapporto ha con i minerali? | Titanilla Eideh","isPartOf":{"@id":"https:\/\/titanillaeideh.com\/#website"},"primaryImageOfPage":{"@id":"https:\/\/titanillaeideh.com\/mi-a-schussler-so-es-milyen-kapcsolata-van-az-asvanyi-anyagokkal\/#primaryimage"},"image":{"@id":"https:\/\/titanillaeideh.com\/mi-a-schussler-so-es-milyen-kapcsolata-van-az-asvanyi-anyagokkal\/#primaryimage"},"thumbnailUrl":"https:\/\/titanillaeideh.com\/wp-content\/uploads\/mi-a-schussler-so-1.jpg","datePublished":"2021-08-30T08:24:56+00:00","dateModified":"2022-08-04T15:15:06+00:00","description":"Che cos'\u00e8 il sale di Sch\u00fcssler e che rapporto ha con i minerali? Questa domanda trova risposta in questo articolo, chiarendo molte disinformazioni.","breadcrumb":{"@id":"https:\/\/titanillaeideh.com\/mi-a-schussler-so-es-milyen-kapcsolata-van-az-asvanyi-anyagokkal\/#breadcrumb"},"inLanguage":"it-IT","potentialAction":[{"@type":"ReadAction","target":["https:\/\/titanillaeideh.com\/mi-a-schussler-so-es-milyen-kapcsolata-van-az-asvanyi-anyagokkal\/"]}]},{"@type":"ImageObject","inLanguage":"it-IT","@id":"https:\/\/titanillaeideh.com\/mi-a-schussler-so-es-milyen-kapcsolata-van-az-asvanyi-anyagokkal\/#primaryimage","url":"https:\/\/titanillaeideh.com\/wp-content\/uploads\/mi-a-schussler-so-1.jpg","contentUrl":"https:\/\/titanillaeideh.com\/wp-content\/uploads\/mi-a-schussler-so-1.jpg","width":1920,"height":1279,"caption":"Mi a sch\u00fcssler s\u00f3?"},{"@type":"BreadcrumbList","@id":"https:\/\/titanillaeideh.com\/mi-a-schussler-so-es-milyen-kapcsolata-van-az-asvanyi-anyagokkal\/#breadcrumb","itemListElement":[{"@type":"ListItem","position":1,"name":"Home","item":"https:\/\/titanillaeideh.com\/"},{"@type":"ListItem","position":2,"name":"Mi a Sch\u00fcssler s\u00f3 \u00e9s milyen kapcsolata van az \u00e1sv\u00e1nyi anyagokkal?"}]},{"@type":"WebSite","@id":"https:\/\/titanillaeideh.com\/#website","url":"https:\/\/titanillaeideh.com\/","name":"Titanilla Eideh","description":"Sali di Sch\u00fcssler, coaching integrale, formazione, spiritualit\u00e0","publisher":{"@id":"https:\/\/titanillaeideh.com\/#\/schema\/person\/3a6082ce6b4aa7e2fc1c9e09a1588a2a"},"potentialAction":[{"@type":"SearchAction","target":{"@type":"EntryPoint","urlTemplate":"https:\/\/titanillaeideh.com\/?s={search_term_string}"},"query-input":{"@type":"PropertyValueSpecification","valueRequired":true,"valueName":"search_term_string"}}],"inLanguage":"it-IT"},{"@type":["Person","Organization"],"@id":"https:\/\/titanillaeideh.com\/#\/schema\/person\/3a6082ce6b4aa7e2fc1c9e09a1588a2a","name":"Eideh Titanilla","image":{"@type":"ImageObject","inLanguage":"it-IT","@id":"https:\/\/titanillaeideh.com\/#\/schema\/person\/image\/","url":"https:\/\/secure.gravatar.com\/avatar\/5313cc31c079db4a9c35c765d583e4baec7e37200590f4177bb2e208b451bbeb?s=96&d=mm&r=g","contentUrl":"https:\/\/secure.gravatar.com\/avatar\/5313cc31c079db4a9c35c765d583e4baec7e37200590f4177bb2e208b451bbeb?s=96&d=mm&r=g","caption":"Eideh Titanilla"},"logo":{"@id":"https:\/\/titanillaeideh.com\/#\/schema\/person\/image\/"},"url":"https:\/\/titanillaeideh.com\/it\/author\/zsuzsi\/"}]}},"_links":{"self":[{"href":"https:\/\/titanillaeideh.com\/it\/wp-json\/wp\/v2\/posts\/5471","targetHints":{"allow":["GET"]}}],"collection":[{"href":"https:\/\/titanillaeideh.com\/it\/wp-json\/wp\/v2\/posts"}],"about":[{"href":"https:\/\/titanillaeideh.com\/it\/wp-json\/wp\/v2\/types\/post"}],"author":[{"embeddable":true,"href":"https:\/\/titanillaeideh.com\/it\/wp-json\/wp\/v2\/users\/3"}],"replies":[{"embeddable":true,"href":"https:\/\/titanillaeideh.com\/it\/wp-json\/wp\/v2\/comments?post=5471"}],"version-history":[{"count":0,"href":"https:\/\/titanillaeideh.com\/it\/wp-json\/wp\/v2\/posts\/5471\/revisions"}],"wp:featuredmedia":[{"embeddable":true,"href":"https:\/\/titanillaeideh.com\/it\/wp-json\/wp\/v2\/media\/5480"}],"wp:attachment":[{"href":"https:\/\/titanillaeideh.com\/it\/wp-json\/wp\/v2\/media?parent=5471"}],"wp:term":[{"taxonomy":"category","embeddable":true,"href":"https:\/\/titanillaeideh.com\/it\/wp-json\/wp\/v2\/categories?post=5471"},{"taxonomy":"post_tag","embeddable":true,"href":"https:\/\/titanillaeideh.com\/it\/wp-json\/wp\/v2\/tags?post=5471"}],"curies":[{"name":"wp","href":"https:\/\/api.w.org\/{rel}","templated":true}]}}