{"id":3184,"date":"2020-01-22T08:44:23","date_gmt":"2020-01-22T08:44:23","guid":{"rendered":"https:\/\/titanillaeideh.com\/?p=3184"},"modified":"2020-01-22T14:24:43","modified_gmt":"2020-01-22T14:24:43","slug":"ama-la-risposta-ii-resz","status":"publish","type":"post","link":"https:\/\/titanillaeideh.com\/it\/ama-la-risposta-ii-resz\/","title":{"rendered":"La paura \u00e8 amabile?!? - Parte II"},"content":{"rendered":"<p>[et_pb_section fb_built=&#8221;1&#8243; _builder_version=&#8221;3.22&#8243; custom_margin=&#8221;0px||0px&#8221; custom_padding=&#8221;0px||0px|||&#8221;][et_pb_row use_custom_gutter=&#8221;on&#8221; gutter_width=&#8221;1&#8243; module_class=&#8221; et_pb_row_fullwidth&#8221; _builder_version=&#8221;3.25&#8243; width=&#8221;100%&#8221; width_tablet=&#8221;100%&#8221; width_phone=&#8221;&#8221; width_last_edited=&#8221;on|desktop&#8221; max_width=&#8221;100%&#8221; max_width_tablet=&#8221;100%&#8221; max_width_phone=&#8221;&#8221; max_width_last_edited=&#8221;on|desktop&#8221; custom_padding=&#8221;0|0px|27px|0px|false|false&#8221; make_fullwidth=&#8221;on&#8221;][et_pb_column type=&#8221;4_4&#8243; _builder_version=&#8221;3.25&#8243; custom_padding=&#8221;|||&#8221; custom_padding__hover=&#8221;|||&#8221;][et_pb_post_title date=&#8221;off&#8221; comments=&#8221;off&#8221; featured_placement=&#8221;background&#8221; text_color=&#8221;light&#8221; _builder_version=&#8221;3.29.3&#8243; title_font=&#8221;||||||||&#8221; title_font_size=&#8221;50px&#8221; title_line_height=&#8221;1.6em&#8221; meta_font=&#8221;||||||||&#8221; meta_font_size=&#8221;25px&#8221; meta_line_height=&#8221;1.6em&#8221; background_image=&#8221;https:\/\/titanillaeideh.com\/wp-content\/uploads\/\u00f6r\u00f6kl\u00f6tt-mint\u00e1k1.jpg&#8221; custom_margin=&#8221;||&#8221; custom_padding=&#8221;150px||100px&#8221; title_font_size_tablet=&#8221;&#8221; title_font_size_phone=&#8221;36px&#8221; title_font_size_last_edited=&#8221;on|phone&#8221; meta_font_size_tablet=&#8221;&#8221; meta_font_size_phone=&#8221;20px&#8221; meta_font_size_last_edited=&#8221;on|desktop&#8221; title_text_shadow_style=&#8221;preset1&#8243;][\/et_pb_post_title][\/et_pb_column][\/et_pb_row][\/et_pb_section][et_pb_section fb_built=&#8221;1&#8243; _builder_version=&#8221;3.22&#8243; min_height=&#8221;2576px&#8221; custom_margin=&#8221;3px|||||&#8221; custom_padding=&#8221;4px||3px|||&#8221;][et_pb_row module_class=&#8221; et_pb_row_fullwidth&#8221; _builder_version=&#8221;3.25&#8243; width=&#8221;89%&#8221; width_tablet=&#8221;80%&#8221; width_phone=&#8221;&#8221; width_last_edited=&#8221;on|desktop&#8221; max_width=&#8221;89%&#8221; max_width_tablet=&#8221;80%&#8221; max_width_phone=&#8221;&#8221; max_width_last_edited=&#8221;on|desktop&#8221; make_fullwidth=&#8221;on&#8221;][et_pb_column type=&#8221;4_4&#8243; _builder_version=&#8221;3.25&#8243; custom_padding=&#8221;|||&#8221; custom_padding__hover=&#8221;|||&#8221;][et_pb_text _builder_version=&#8221;4.0.9&#8243; text_text_color=&#8221;#000000&#8243;]<\/p>\n<p><span style=\"font-weight: 400;\">Potete leggere la seconda parte del mio articolo sulle paure. La mia pratica pedagogica e didattica \u00e8 stata - ed \u00e8 tuttora - quella di ripetere il materiale precedente, di consolidarlo e di aggiungerlo. \u00c8 con questo spirito che \u00e8 stata scritta la seconda parte dell'articolo \"La paura \u00e8 amabile\".<\/span><\/p>\n<h2><span style=\"font-weight: 400;\">Perch\u00e9 uso questo metodo?<\/span><\/h2>\n<p><span style=\"font-weight: 400;\">Secondo la mia esperienza, le informazioni non possono essere digerite e messe in pratica allo stesso tempo.<br \/> <\/span><span style=\"font-weight: 400;\">Ecco perch\u00e9 \u00e8 possibile vedere e leggere passaggi ripetuti, cos\u00ec come nuove conoscenze.<\/span><\/p>\n<p>[\/et_pb_text][et_pb_text _builder_version=&#8221;4.0.9&#8243; text_font=&#8221;||||||||&#8221; quote_font=&#8221;||||||||&#8221; hover_enabled=&#8221;0&#8243;]<\/p>\n<blockquote>\n<p><span style=\"font-weight: 400;\">\u00c8 solo l'ignoto che si teme. Ma chi lo affronta non \u00e8 pi\u00f9 sconosciuto.<br \/> <\/span>Antoine de Saint Exup\u00e9ry<\/p>\n<\/blockquote>\n<p><span style=\"font-weight: 400;\">Il mio obiettivo con la prima parte di questo articolo in due parti sulla paura era di <strong>Riconoscere<\/strong> dalla mia scrittura nel <strong>le vostre paure sotto diversi aspetti.\u00a0<br \/><\/strong>Con questa, la seconda parte estesa, come ho scritto sopra, voglio approfondire la vostra conoscenza.<\/span><\/p>\n<blockquote>\n<p><span style=\"font-weight: 400;\">I molti volti della paura sono noti a tutti.<br \/> Dr. D.Hawkins<\/span><\/p>\n<\/blockquote>\n<p><span style=\"font-weight: 400;\">Tutti hanno sperimentato l'ansia, la preoccupazione, la sgradevole paura del palcoscenico o il panico in qualche momento della loro vita. Avete mai avuto paura di qualcosa, anche da bambini?<\/span><\/p>\n<p><span style=\"font-weight: 400;\">Cominciamo con le cose semplici di tutti i giorni che sono sostenute dalla paura.<\/span><\/p>\n<p><b>Cosa c'\u00e8 dietro il SENTIMENTO come sentimento?<\/b><\/p>\n<p><span style=\"font-weight: 400;\">Ma prima di fare il passo pi\u00f9 lungo della gamba,<\/span> <span style=\"font-weight: 400;\">chiarire il concetto e alcune delle sue cause.<\/span><\/p>\n<p>[\/et_pb_text][\/et_pb_column][\/et_pb_row][et_pb_row column_structure=&#8221;3_5,2_5&#8243; module_class=&#8221; et_pb_row_fullwidth&#8221; _builder_version=&#8221;3.25&#8243; width=&#8221;89%&#8221; width_tablet=&#8221;80%&#8221; width_phone=&#8221;&#8221; width_last_edited=&#8221;on|desktop&#8221; max_width=&#8221;89%&#8221; max_width_tablet=&#8221;80%&#8221; max_width_phone=&#8221;&#8221; max_width_last_edited=&#8221;on|desktop&#8221; custom_padding=&#8221;||0px|||&#8221; make_fullwidth=&#8221;on&#8221;][et_pb_column type=&#8221;3_5&#8243; _builder_version=&#8221;3.25&#8243; custom_padding=&#8221;|||&#8221; custom_padding__hover=&#8221;|||&#8221;][et_pb_text _builder_version=&#8221;4.0.9&#8243; text_font=&#8221;||||||||&#8221; ul_line_height=&#8221;1.5em&#8221; quote_font=&#8221;||||||||&#8221; custom_margin=&#8221;-1px||||false|false&#8221; hover_enabled=&#8221;0&#8243;]<\/p>\n<h2><span>Qual \u00e8 il concetto e il significato di paura?<\/span><\/h2>\n<p><span><\/span><\/p>\n<p><span style=\"font-weight: 400;\">Il significato della parola paura, secondo il dizionario ungherese, \u00e8: lo stato d'animo spiacevole, cio\u00e8 la sensazione sgradevole di essere respinti da qualcosa che si avvicina o minaccia, sia reale che immaginario.\u00a0<\/span><\/p>\n<p><span style=\"font-weight: 400;\">\"A <\/span><b>paura<\/b><span style=\"font-weight: 400;\"> un senso di depressione creato da una minaccia percepita\". - Wikipedia<\/span><\/p>\n<p><span style=\"font-weight: 400;\"><span>Alcuni sostengono che si distingue tra paura esterna e interna.<\/span><\/span><\/p>\n<blockquote><\/blockquote>\n<p>[\/et_pb_text][\/et_pb_column][et_pb_column _builder_version=&#8221;4.0.9&#8243; type=&#8221;2_5&#8243;][et_pb_image src=&#8221;https:\/\/titanillaeideh.com\/wp-content\/uploads\/f\u00e9lelem-II.-6.jpg&#8221; _builder_version=&#8221;4.0.9&#8243; hover_enabled=&#8221;0&#8243; width=&#8221;40%&#8221; module_alignment=&#8221;center&#8221;][\/et_pb_image][et_pb_image _builder_version=&#8221;4.0.9&#8243; width=&#8221;66%&#8221; custom_margin=&#8221;1px|||||&#8221; hover_enabled=&#8221;0&#8243;][\/et_pb_image][\/et_pb_column][\/et_pb_row][et_pb_row module_class=&#8221; et_pb_row_fullwidth&#8221; _builder_version=&#8221;3.25&#8243; width=&#8221;89%&#8221; width_tablet=&#8221;80%&#8221; width_phone=&#8221;&#8221; width_last_edited=&#8221;on|desktop&#8221; max_width=&#8221;89%&#8221; max_width_tablet=&#8221;80%&#8221; max_width_phone=&#8221;&#8221; max_width_last_edited=&#8221;on|desktop&#8221; make_fullwidth=&#8221;on&#8221;][et_pb_column type=&#8221;4_4&#8243; _builder_version=&#8221;3.25&#8243; custom_padding=&#8221;|||&#8221; custom_padding__hover=&#8221;|||&#8221;][et_pb_text _builder_version=&#8221;4.0.9&#8243; text_font=&#8221;||||||||&#8221; ul_line_height=&#8221;1.8em&#8221; quote_font=&#8221;||||||||&#8221;]<\/p>\n<h2><span style=\"font-weight: 400;\">Cosa scatena la paura?<\/span><\/h2>\n<p><span style=\"color: #000000;\"><\/span><\/p>\n<p><span style=\"color: #000000;\">I meccanismi naturali della paura ci hanno aiutato a sopravvivere per milioni di anni, ma anche un sentimento cos\u00ec naturale pu\u00f2 trasformarsi in qualcosa di strano e insolito\", afferma il neuropsicologo Philippe Goldin.<\/span><\/p>\n<p><span style=\"color: #000000;\">Ognuno di noi ha paure diverse, cos\u00ec come c'\u00e8 chi ha paura dei topi e chi dei ragni.<\/span><\/p>\n<p><span style=\"color: #000000;\">Una cosa \u00e8 certa: lo stress che pu\u00f2 derivare dalla \"fretta\" quotidiana \u00e8 un fattore di stress, e dietro la frenesia, il trambusto, la fretta, la fretta <span>nella maggior parte dei casi\u00a0<\/span>c'\u00e8 un po' di paura .<\/span><\/p>\n<p>Nel mondo caotico delle loro giornate, siamo tutti cos\u00ec di fretta, ognuno per qualcosa di diverso.\u00a0<br \/><span style=\"font-weight: 400;\"><\/span><\/p>\n<ul>\n<li style=\"font-weight: 400;\"><span style=\"font-weight: 400;\">lavoratore all'autobus per arrivare in tempo al lavoro<\/span><\/li>\n<li style=\"font-weight: 400;\"><span style=\"font-weight: 400;\">il bambino a raggiungere la scuola<\/span><\/li>\n<li style=\"font-weight: 400;\"><span style=\"font-weight: 400;\">sfrecciare lungo la strada per arrivare puntuali a un evento o a una riunione<\/span><\/li>\n<li style=\"font-weight: 400;\"><span style=\"font-weight: 400;\">l'imprenditore, per non restare indietro rispetto ai suoi concorrenti, sui profitti<\/span><\/li>\n<li style=\"font-weight: 400;\"><span style=\"font-weight: 400;\">il leader si sforza di essere un buon leader<\/span><\/li>\n<li style=\"font-weight: 400;\"><span style=\"font-weight: 400;\">il cacciatore di taglie insegue il candidato<\/span><\/li>\n<li style=\"font-weight: 400;\"><span style=\"font-weight: 400;\">Mr sta cercando di incontrare il suo leader fino alla morte<\/span><\/li>\n<li style=\"font-weight: 400;\"><span style=\"font-weight: 400;\">l'insegnante tenta di rispettare le regole, i genitori<\/span><\/li>\n<li style=\"font-weight: 400;\"><span style=\"font-weight: 400;\">un uomo va in palestra per mantenere la propria mascolinit\u00e0<\/span><\/li>\n<li style=\"font-weight: 400;\"><span style=\"font-weight: 400;\">il dipendente si sforza di ottenere prestazioni<\/span><\/li>\n<li style=\"font-weight: 400;\"><span style=\"font-weight: 400;\">il genitore ha fretta di soddisfare i requisiti scolastici<\/span><\/li>\n<li style=\"font-weight: 400;\"><span style=\"font-weight: 400;\">Gli adolescenti hanno fretta di essere accettati dai loro coetanei, dall'ambiente degli adulti e dai loro genitori.<\/span><\/li>\n<\/ul>\n<p><span style=\"font-weight: 400;\">e l'elenco continua.<\/span><\/p>\n<p><span style=\"font-size: 18px;\">Come si pu\u00f2 vedere dall'elenco precedente, ci sono molte cose \"ordinarie\" che ci fanno temere se non accadono o se accadono. Alcune persone hanno paura in pi\u00f9 di un'area, mentre altre hanno paura di un numero minore di stimoli. Ma la paura \u00e8 in tutti!<\/span><\/p>\n<p>[\/et_pb_text][\/et_pb_column][\/et_pb_row][et_pb_row module_class=&#8221; et_pb_row_fullwidth&#8221; _builder_version=&#8221;3.29.3&#8243; width=&#8221;89%&#8221; width_tablet=&#8221;80%&#8221; width_phone=&#8221;&#8221; width_last_edited=&#8221;on|desktop&#8221; max_width=&#8221;89%&#8221; max_width_tablet=&#8221;80%&#8221; max_width_phone=&#8221;&#8221; max_width_last_edited=&#8221;on|desktop&#8221;][et_pb_column type=&#8221;4_4&#8243; _builder_version=&#8221;3.25&#8243; custom_padding=&#8221;|||&#8221; custom_padding__hover=&#8221;|||&#8221;][et_pb_text _builder_version=&#8221;4.0.9&#8243; header_font=&#8221;||||||||&#8221; header_2_font=&#8221;||||||||&#8221; header_2_font_size_tablet=&#8221;&#8221; header_2_font_size_phone=&#8221;30px&#8221; header_2_font_size_last_edited=&#8221;on|phone&#8221;]<\/p>\n<h2><span style=\"font-weight: 400;\">Di cosa hai paura?<\/span><\/h2>\n<p><span style=\"font-weight: 400;\"><\/span><\/p>\n<p><span style=\"font-weight: 400;\"><span>Prima di continuare a leggere, <\/span><b>concedetevi qualche minuto per riflettere <\/b><span>specifico, <\/span><b>le vostre paure individuali<\/b><span>. Dal pi\u00f9 appropriato al pi\u00f9 grande.<\/span><\/span><\/p>\n<p>[\/et_pb_text][\/et_pb_column][\/et_pb_row][et_pb_row column_structure=&#8221;2_5,3_5&#8243; module_class=&#8221; et_pb_row_fullwidth&#8221; _builder_version=&#8221;3.25&#8243; width=&#8221;89%&#8221; width_tablet=&#8221;80%&#8221; width_phone=&#8221;&#8221; width_last_edited=&#8221;on|desktop&#8221; max_width=&#8221;89%&#8221; max_width_tablet=&#8221;80%&#8221; max_width_phone=&#8221;&#8221; max_width_last_edited=&#8221;on|desktop&#8221; custom_padding=&#8221;27px|0px|0|0px|false|false&#8221; make_fullwidth=&#8221;on&#8221;][et_pb_column type=&#8221;2_5&#8243; _builder_version=&#8221;3.25&#8243; custom_padding=&#8221;|||&#8221; custom_padding__hover=&#8221;|||&#8221;][et_pb_image src=&#8221;https:\/\/titanillaeideh.com\/wp-content\/uploads\/f\u00e9lelem-4.jpg&#8221; _builder_version=&#8221;4.0.9&#8243; min_height=&#8221;254px&#8221; custom_margin=&#8221;28px||||false|false&#8221; custom_padding=&#8221;1px|||||&#8221;][\/et_pb_image][\/et_pb_column][et_pb_column type=&#8221;3_5&#8243; _builder_version=&#8221;3.29.3&#8243;][et_pb_text _builder_version=&#8221;4.0.9&#8243;]<\/p>\n<h3><span style=\"font-weight: 400;\">Vi aiuter\u00f2 con alcuni esempi personali<\/span><\/h3>\n<p><span style=\"font-weight: 400;\">Mentre scrivo queste righe, temo di non sottolineare abbastanza che tutti hanno bisogno di un aiutante che sappia indicare l'essenza delle loro paure, che si trova oltre la superficie. <\/span><span style=\"font-weight: 400;\"><br \/> <\/span><span style=\"font-weight: 400;\">Mi preoccupo anche di sapere se il lettore aspetter\u00e0 di avere gravi sintomi fisici o se noter\u00e0 il minimo segno per agire, per fare un passo per alleviare o addirittura bandire le proprie paure. <\/span><span style=\"font-weight: 400;\"><br \/> <\/span><span style=\"font-weight: 400;\">La mia ansia pi\u00f9 temporale, che \u00e8 pi\u00f9 una tensione spiacevole, \u00e8 la mancanza di tempo, perch\u00e9 mi sono dato una scadenza per quando avrei dovuto scrivere l'articolo.<\/span><\/p>\n<p><span style=\"font-weight: 400;\">Ma torniamo alle paure per la vostra vita!<\/span><\/p>\n<p>[\/et_pb_text][\/et_pb_column][\/et_pb_row][et_pb_row module_class=&#8221; et_pb_row_fullwidth&#8221; _builder_version=&#8221;3.25&#8243; width=&#8221;89%&#8221; width_tablet=&#8221;80%&#8221; width_phone=&#8221;&#8221; width_last_edited=&#8221;on|desktop&#8221; max_width=&#8221;89%&#8221; max_width_tablet=&#8221;80%&#8221; max_width_phone=&#8221;&#8221; max_width_last_edited=&#8221;on|desktop&#8221; custom_padding=&#8221;51px|||||&#8221; make_fullwidth=&#8221;on&#8221;][et_pb_column type=&#8221;4_4&#8243; _builder_version=&#8221;3.25&#8243; custom_padding=&#8221;|||&#8221; custom_padding__hover=&#8221;|||&#8221;][et_pb_text _builder_version=&#8221;4.0.9&#8243; text_font=&#8221;||||||||&#8221; quote_font=&#8221;||||||||&#8221;]<\/p>\n<h2><span style=\"font-weight: 400;\">Come riconoscere la paura?<\/span><\/h2>\n<p>&nbsp;<\/p>\n<p><span style=\"font-size: 18px;\">Il modo pi\u00f9 semplice per <\/span><b style=\"font-size: 18px;\">paura dell'esterno<\/b><span style=\"font-size: 18px;\">come la paura dei ragni. Questo \u00e8 il livello che non mi farebbe correre da un allenatore o da uno psicologo o da qualsiasi tipo di aiuto SOS.<\/span><span style=\"font-size: 18px;\">\u00a0<\/span><\/p>\n<p><span style=\"font-weight: 400;\">Se un <\/span><b>la paura diventa persistente, frequente o continua, potrebbe gi\u00e0 essere necessario un intervento oculistico esterno.<\/b><span style=\"font-weight: 400;\">uno specchio. Ho paura di non avere un lavoro, di non avere un reddito e di non poter mantenere la mia famiglia - s\u00ec, queste sono le \"paure\" che stanno alla base di un'emozione che merita un professionista competente, un CERCATORE.<\/span><span style=\"font-weight: 400;\"><br \/><\/span><span style=\"font-weight: 400;\">A <\/span><b>paura interiore\/subconscia<\/b><span style=\"font-weight: 400;\"> sono stati molto <\/span><b>pi\u00f9 complesso, pi\u00f9 complicato<\/b><span style=\"font-weight: 400;\">. Questo \u00e8 ci\u00f2 che <\/span><b>ammala il nostro corpo, la nostra anima<\/b><span style=\"font-weight: 400;\">Il nostro cuore pu\u00f2 \"chiudersi\". Anche i nostri muscoli si tendono, la circolazione sanguigna non funziona correttamente, in definitiva solo il cervello funziona in modo razionale, basato sulla logica. L'emisfero del cervello responsabile della funzione creativa non funziona o funziona male. Questo \u00e8 ci\u00f2 che accade quando non abbiamo idee o non sappiamo cosa fare dopo.<\/span><\/p>\n<p>&nbsp;<\/p>\n<h3><span style=\"font-weight: 400;\">Ma guardiamo il\u00a0<\/span><b>medicina <\/b><span style=\"font-weight: 400;\">per sostenerlo!<\/span><\/h3>\n<p><span style=\"font-weight: 400;\"><\/span><\/p>\n<p><span style=\"font-weight: 400;\">Ansia frequente o costante, <\/span><b>la paura influisce negativamente sul funzionamento dell'organismo<\/b><span style=\"font-weight: 400;\">, alla fine si ammalano, anche le paure represse. <\/span><span style=\"font-weight: 400;\"><br \/><\/span><span style=\"font-weight: 400;\">Secondo il dott. P\u00e9ter Lakatos, professore presso il Dipartimento di Medicina Interna dell'Universit\u00e0 Semmelweis, la <\/span><b>lo stress aumenta l'ormone cortisolo oltre all'adrenalina<\/b><span style=\"font-weight: 400;\">attiva le risorse dell'organismo per far fronte alla situazione, mentre allo stesso tempo <\/span><b>il sistema immunitario inizia a indebolirsi<\/b><span style=\"font-weight: 400;\">. Questo \u00e8 essenziale per la sopravvivenza, ma se diventa persistente, la ghiandola surrenale finir\u00e0 per non essere in grado di produrre abbastanza cortisolo, con gravi rischi per la salute. <\/span><\/p>\n<p>[\/et_pb_text][\/et_pb_column][\/et_pb_row][et_pb_row column_structure=&#8221;3_5,2_5&#8243; module_class=&#8221; et_pb_row_fullwidth&#8221; _builder_version=&#8221;3.25&#8243; width=&#8221;89%&#8221; width_tablet=&#8221;80%&#8221; width_phone=&#8221;&#8221; width_last_edited=&#8221;on|desktop&#8221; max_width=&#8221;89%&#8221; max_width_tablet=&#8221;80%&#8221; max_width_phone=&#8221;&#8221; max_width_last_edited=&#8221;on|desktop&#8221; custom_margin=&#8221;-4px|auto||auto||&#8221; custom_padding=&#8221;27px|0px|2px|0px|false|false&#8221; make_fullwidth=&#8221;on&#8221;][et_pb_column type=&#8221;3_5&#8243; _builder_version=&#8221;3.25&#8243; custom_padding=&#8221;|||&#8221; custom_padding__hover=&#8221;|||&#8221;][et_pb_text _builder_version=&#8221;4.0.9&#8243; custom_margin=&#8221;-4px|||||&#8221;]<\/p>\n<h2><span style=\"font-weight: 400;\">Stress per paura? Da dove viene lo stress?<\/span><\/h2>\n<p><b>Perch\u00e9 dobbiamo affrontare le nostre paure secondo la medicina?<\/b><\/p>\n<p><span style=\"font-weight: 400;\">Il disturbo d'ansia \u00e8 caratterizzato da una paura irrazionale del paziente, scatenata da uno stimolo irrilevante o non caratteristico per gli altri. Oltre a sintomi emotivi angoscianti come irrequietezza e irritabilit\u00e0, l'ansia si presenta anche con reazioni fisiche caratteristiche come vampate di calore, sudorazione, respirazione rapida e forte palpitazione. Se la paura anomala persiste, il paziente diventa incapace di condurre una vita normale.<\/span><\/p>\n<p>[\/et_pb_text][\/et_pb_column][et_pb_column type=&#8221;2_5&#8243; _builder_version=&#8221;3.25&#8243; custom_padding=&#8221;|||&#8221; custom_padding__hover=&#8221;|||&#8221;][et_pb_image src=&#8221;https:\/\/titanillaeideh.com\/wp-content\/uploads\/f\u00e9lelem-5.jpg&#8221; _builder_version=&#8221;4.0.9&#8243; width=&#8221;75%&#8221;][\/et_pb_image][\/et_pb_column][\/et_pb_row][et_pb_row module_class=&#8221; et_pb_row_fullwidth&#8221; _builder_version=&#8221;3.25&#8243; width=&#8221;89%&#8221; width_tablet=&#8221;80%&#8221; width_phone=&#8221;&#8221; width_last_edited=&#8221;on|desktop&#8221; max_width=&#8221;89%&#8221; max_width_tablet=&#8221;80%&#8221; max_width_phone=&#8221;&#8221; max_width_last_edited=&#8221;on|desktop&#8221; custom_padding=&#8221;51px|||||&#8221; make_fullwidth=&#8221;on&#8221;][et_pb_column type=&#8221;4_4&#8243; _builder_version=&#8221;3.25&#8243; custom_padding=&#8221;|||&#8221; custom_padding__hover=&#8221;|||&#8221;][et_pb_text _builder_version=&#8221;4.0.9&#8243; text_font=&#8221;||||||||&#8221; quote_font=&#8221;||||||||&#8221; hover_enabled=&#8221;0&#8243;]<\/p>\n<h2><span style=\"font-weight: 400;\">E cosa dico - come aiutante - contro la paura?<\/span><\/h2>\n<p><span style=\"font-weight: 400;\"><\/span><\/p>\n<p><span style=\"font-weight: 400;\">La paura \u00e8 ormai una malattia diffusa nella nostra societ\u00e0. La paura della paura non \u00e8 rara.<\/span><\/p>\n<p><span style=\"color: #000000;\">Tornando al titolo, \"amiamo la paura\" \u00e8 un grande aiuto, e il primo \u00e8 il riconoscimento. Amiamo la paura perch\u00e9 ci segnala il nostro corpo - meglio di qualsiasi AL, intelligenza artificiale. Il nostro computer \u00e8 pi\u00f9 intelligente. Un segnale che comunque riconosciamo,\u00a0<span>cosa dobbiamo affrontare quando<\/span>\u00a0non conosciamo i segnali.<\/span><\/p>\n<p><span style=\"color: #000000;\">I volti della paura, da quelli apparentemente insignificanti a quelli pi\u00f9 intensi: preoccupazione, eccitazione, paura del palcoscenico, ansia, paralisi, intorpidimento, paura, spavento, incertezza, sospetto, sensazione di essere in trappola, stress, paranoia.<\/span><\/p>\n<p>&nbsp;<\/p>\n<h3><span style=\"color: #000000;\">Che cosa dovreste notare di voi stessi?<\/span><\/h3>\n<p><span style=\"color: #000000;\"><\/span><\/p>\n<p><span style=\"color: #000000;\">\u00c8 consigliabile affrontare l'origine della paura e la sua risoluzione se, ad esempio, si manifestano sintomi frequenti, persistenti e fastidiosi: (sudorazione persistente, lesioni cutanee, problemi intestinali o di stomaco, oscillazioni della pressione sanguigna, insonnia, problemi di sonno...).<\/span><\/p>\n<p><span style=\"color: #000000;\">Spesso mi preoccupo se non ho notizie di un parente stretto, o se il mio coniuge o il mio figlio non tornano a casa in orario... Penso sempre a qualcosa di brutto, che \u00e8 successo loro...\".<\/span><\/p>\n<h3><span style=\"color: #000000;\">Come faccio a rendermi conto di ci\u00f2 che temo, di ci\u00f2 che sto masticando?<\/span><\/h3>\n<p><span style=\"color: #000000;\"><\/span><\/p>\n<p><span style=\"color: #000000;\">Inizio a sezionare, ad analizzare me stesso.<\/span><\/p>\n<ul>\n<li><span style=\"color: #000000;\">Quale sentimento si nasconde nella realt\u00e0?<\/span><\/li>\n<li><span style=\"color: #000000;\">Ho paura che mi tradisca o che rimanga solo...?<\/span><\/li>\n<\/ul>\n<p><span style=\"font-weight: 400;\">Secondo la mia esperienza, le nostre paure sono comuni, hanno aspetti positivi e negativi. Se c'\u00e8 uno stress negativo, dobbiamo affrontarlo. Se ci fornisce uno slancio o un'intuizione, allora siamo sulla strada giusta, almeno per il momento. <\/span><\/p>\n<blockquote>\n<p><span style=\"font-weight: 400;\"><strong>Amiamo le nostre paure, qualunque sia il loro volto, perch\u00e9 hanno qualcosa da insegnarci.<\/strong>.<\/span><\/p>\n<\/blockquote>\n<p><span style=\"font-weight: 400;\"><br \/> <\/span><span style=\"font-weight: 400;\">Abbiamo visto che anche il dottor P\u00e9ter Lakatos, professore presso il Dipartimento di Medicina Interna I dell'Universit\u00e0 Semmelweis, ritiene che in ultima analisi la <strong>l'indebolimento del sistema immunitario \u00e8 una delle patologie pi\u00f9 lievi dal punto di vista medico<\/strong><\/span><span style=\"font-weight: 400;\">E possiamo anche capire l'impatto che la paura esterna parlata e la paura interna non detta possono avere sulla nostra salute.<\/span><\/p>\n<p>[\/et_pb_text][et_pb_text _builder_version=&#8221;4.0.9&#8243;]<\/p>\n<p><span style=\"color: #000000;\"><span style=\"font-weight: 400;\">Secondo la mia esperienza, il \"sistema\" di<\/span><b>affrontare le nostre paure\",\u00a0<\/b><span style=\"font-weight: 400;\">non significa rivolgersi immediatamente a un medico o a una medicina, ma rivolgere la propria attenzione verso l'interno. Se questo non funziona, perch\u00e9 per anni non ho capito cosa significasse ed \u00e8 stato molto difficile padroneggiare la tecnica, allora dobbiamo chiedere aiuto.<\/span><\/span><\/p>\n<p><span style=\"font-weight: 400; color: #000000;\">-Ma ho paura di chiedere aiuto...<\/span><\/p>\n<p><span style=\"font-weight: 400; color: #000000;\">-Oh, non \u00e8 niente, lo risolver\u00f2... ho letto tanti libri di successo... lo so, ho la ricetta<\/span><\/p>\n<p><span style=\"font-weight: 400; color: #000000;\">-L'importante \u00e8 lavorare molto, per trovare la giusta strategia di vendita o di marketing.<\/span><\/p>\n<p><span style=\"font-weight: 400; color: #000000;\">E la mente inizia la razionalizzazione di cui sopra, spiegando perch\u00e9 non dovremmo, perch\u00e9 dovremmo scappare o semplicemente ignorarlo, la vecchia mente, l'ego, parla a voce alta o addirittura fuori, e noi siamo ben distratti dai pensieri.<\/span><\/p>\n<p><span style=\"font-weight: 400; color: #000000;\">Ma si vede bene solo con il cuore... dice il piccolo principe.<\/span><\/p>\n<p><span style=\"font-weight: 400; color: #000000;\">Tendiamo a fingere una cosa e un'altra se non riconosciamo che abbiamo il coraggio dentro di noi e che le nostre azioni finte sono solo manovre di paura.<br \/><\/span><\/p>\n<p><span style=\"color: #000000;\"><span style=\"font-weight: 400;\">S\u00ec, c'\u00e8 un <\/span><b>fonte di paura<\/b><span style=\"font-weight: 400;\"> anche, molti dei quali <\/span><b>non sono a conoscenza di<\/b><span style=\"font-weight: 400;\">,<\/span><span style=\"font-weight: 400;\"> Questi sono gli strumenti di difesa che usiamo consciamente e inconsciamente.<\/span><\/span><\/p>\n<p><span style=\"font-weight: 400; color: #000000;\">L'altra cosa che preferisco \u00e8 quando qualcuno \u00e8 invadente o in cerca di rischi. Un esempio \u00e8 l'atleta estremo che fa i muscoli al corpo ma non massaggia l'anima.<\/span><\/p>\n<p>[\/et_pb_text][\/et_pb_column][\/et_pb_row][et_pb_row column_structure=&#8221;3_5,2_5&#8243; module_class=&#8221; et_pb_row_fullwidth&#8221; _builder_version=&#8221;3.25&#8243; width=&#8221;89%&#8221; width_tablet=&#8221;80%&#8221; width_phone=&#8221;&#8221; width_last_edited=&#8221;on|desktop&#8221; max_width=&#8221;89%&#8221; max_width_tablet=&#8221;80%&#8221; max_width_phone=&#8221;&#8221; max_width_last_edited=&#8221;on|desktop&#8221; custom_margin=&#8221;-4px|auto||auto||&#8221; custom_padding=&#8221;27px|0px|2px|0px|false|false&#8221; make_fullwidth=&#8221;on&#8221;][et_pb_column type=&#8221;3_5&#8243; _builder_version=&#8221;3.25&#8243; custom_padding=&#8221;|||&#8221; custom_padding__hover=&#8221;|||&#8221;][et_pb_text _builder_version=&#8221;4.0.9&#8243; custom_margin=&#8221;-4px|||||&#8221;]<\/p>\n<h2>PERCH\u00c9 la paura \u00e8 amabile anche al di l\u00e0 del presente del riconoscimento?<\/h2>\n<p><span style=\"font-weight: 400;\"><\/span><\/p>\n<p><span style=\"font-weight: 400;\">Ora dovete essere consapevoli che il <strong>Passo 1<\/strong>liberandoci delle nostre paure, per f<strong>riconoscere la sua esistenza, amarla, ringraziare che esista<\/strong>.<br \/> Senza di essa, la nostra vita sarebbe vuota.<\/span><\/p>\n<p><b>Passo 2<\/b><span style=\"font-weight: 400;\">, che <strong>riconoscere l'origine della mia paura, la radice del mio dilemma<\/strong>In questo modo \u00e8 pi\u00f9 facile eliminare i cerchi non necessari, evitando di rimanere bloccati.<\/span><\/p>\n<p>[\/et_pb_text][\/et_pb_column][et_pb_column type=&#8221;2_5&#8243; _builder_version=&#8221;3.25&#8243; custom_padding=&#8221;|||&#8221; custom_padding__hover=&#8221;|||&#8221;][et_pb_image src=&#8221;https:\/\/titanillaeideh.com\/wp-content\/uploads\/f\u00e9lelem-II.-5.jpg&#8221; _builder_version=&#8221;4.0.9&#8243; width=&#8221;75%&#8221;][\/et_pb_image][\/et_pb_column][\/et_pb_row][et_pb_row module_class=&#8221; et_pb_row_fullwidth&#8221; _builder_version=&#8221;4.0.9&#8243; width=&#8221;89%&#8221; width_tablet=&#8221;80%&#8221; width_phone=&#8221;&#8221; width_last_edited=&#8221;on|desktop&#8221; max_width=&#8221;89%&#8221; max_width_tablet=&#8221;80%&#8221; max_width_phone=&#8221;&#8221; max_width_last_edited=&#8221;on|desktop&#8221; custom_padding=&#8221;||3px|||&#8221;][et_pb_column type=&#8221;4_4&#8243; _builder_version=&#8221;4.0.9&#8243;][et_pb_text _builder_version=&#8221;4.0.9&#8243;]<\/p>\n<h2>Il terzo passo \u00e8 l'elaborazione, utilizzando la tecnica del lasciar andare.<\/h2>\n<p><span style=\"color: #000000;\"><\/span><\/p>\n<p><span style=\"color: #000000;\">Credo che siano pochi i facilitatori, gli allenatori o comunque si chiamino, che possano dirvi esattamente quando avete superato le vostre paure negative. Ma d'altra parte, potrei anche non essere al livello di conoscenza per poterlo dire a qualcuno.<br \/> <\/span><span style=\"color: #000000;\">Secondo la mia esperienza personale, a volte sono sufficienti 2 settimane, ma spesso possono essere necessari 5 o 10 anni per una remissione completa.<\/span><\/p>\n<p><span style=\"color: #000000;\">Tutte le anime umane sono <strong>\u00e8 in grado di elaborare la fonte della paura secondo il proprio ritmo<\/strong>a seconda di quanto siete addentro alla questione.\u00a0<\/span><\/p>\n<p><em><span style=\"color: #000000;\">Prendiamo un altro esempio, come la paura di parlare in pubblico, la manifestazione in pubblico!<\/span><\/em><\/p>\n<p><em><span style=\"color: #000000;\">Posso provare un'emozione per ogni singola esibizione in pubblico, ma in casi estremi, quando devo esibirmi di fronte a una folla, a persone che conosco o non conosco, vorrei scappare, spesso chiedendomi quando finir\u00e0...<\/span><\/em><\/p>\n<p><em><span style=\"color: #000000;\">Nella formazione sulle presentazioni si dice che la tecnica si pu\u00f2 imparare, la pratica rende perfetti. La tecnica si pu\u00f2 imparare, senza dubbio, ma la paura rimane. \u00c8 esattamente quello che \u00e8 successo a me, finch\u00e9 non ho capito, grazie alla mia esperienza personale, qual era la radice del mio problema.<\/span><\/em><\/p>\n<p><em><span style=\"color: #000000;\"><\/span><\/em><\/p>\n<h3><span style=\"color: #000000;\">Facciamo un salto indietro di qualche anno, quando mi chiedevo e ricercavo...<\/span><\/h3>\n<p><span style=\"color: #000000;\"><\/span><\/p>\n<ol>\n<li><span style=\"color: #000000;\">Cosa succede quando mi manifesto, quando parlo di fronte a una comunit\u00e0, di fronte a delle persone?<\/span><\/li>\n<li><span style=\"color: #000000;\">Quali reazioni pu\u00f2 suscitare nel pubblico?<\/span><\/li>\n<li><span style=\"color: #000000;\">Piace o viene criticato?<\/span><\/li>\n<li><span style=\"color: #000000;\">Cosa dice la mente quando riceviamo delle critiche?<\/span><\/li>\n<li><span style=\"color: #000000;\">Forse non siete abbastanza bravi o non siete abbastanza simpatici?<\/span><\/li>\n<li><span style=\"color: #000000;\">Di cosa ho veramente paura?<\/span><\/li>\n<\/ol>\n<p><span style=\"color: #000000;\">Come educatore non avevo paura della mia performance, nemmeno della mia consapevolezza che fosse una stronzata - esattamente quando andavo a Toastmasters e ricevevo critiche e segnali se mi fermavo o arrossivo... s\u00ec, un vecchio ricordo dei miei giorni di scuola \u00e8 scattato... avevo di nuovo paura...<br \/> Alcuni pionieri sostengono che la migliore terapia sia rivivere le proprie paure... <strong>pu\u00f2 essere positivo sperimentare di nuovo la paura, ma non da soli<\/strong>!!<br \/> L'anima umana \u00e8 pi\u00f9 complessa di qualsiasi intelligenza artificiale, la mente umana \u00e8 un computer inimitabile.<\/span><\/p>\n<p><span style=\"color: #000000;\">Quando ho partecipato a un altro corso di formazione sulle presentazioni del DC, sono stato affrontato da un'angolazione diversa. Siamo partiti da ci\u00f2 che era buono. Non hanno risolto il mio dilemma di presentatore, ma mi hanno aiutato ad accettarlo e mi hanno dato un modo per arrivare al vero problema.<\/span><\/p>\n<p><span style=\"color: #000000;\">Stava a me decidere se mettere o meno da parte il mio orgoglio, se chiedere aiuto o meno... Voi lo fareste?<\/span><\/p>\n<p><span style=\"color: #000000;\"><\/span><\/p>\n<p><span style=\"color: #000000;\"><\/span><\/p>\n<h2><span>Suggerimenti che possono aiutare a gestire la paura<\/span><\/h2>\n<p>[\/et_pb_text][\/et_pb_column][\/et_pb_row][et_pb_row column_structure=&#8221;2_5,3_5&#8243; module_class=&#8221; et_pb_row_fullwidth&#8221; _builder_version=&#8221;4.0.9&#8243; width=&#8221;89%&#8221; width_tablet=&#8221;80%&#8221; width_phone=&#8221;&#8221; width_last_edited=&#8221;on|desktop&#8221; max_width=&#8221;89%&#8221; max_width_tablet=&#8221;80%&#8221; max_width_phone=&#8221;&#8221; max_width_last_edited=&#8221;on|desktop&#8221; custom_padding=&#8221;||3px|||&#8221;][et_pb_column type=&#8221;2_5&#8243; _builder_version=&#8221;4.0.9&#8243;][et_pb_image src=&#8221;https:\/\/titanillaeideh.com\/wp-content\/uploads\/f\u00e9lelem-II.-3.jpg&#8221; _builder_version=&#8221;4.0.9&#8243; width=&#8221;75%&#8221; module_alignment=&#8221;right&#8221;][\/et_pb_image][\/et_pb_column][et_pb_column type=&#8221;3_5&#8243; _builder_version=&#8221;4.0.9&#8243;][et_pb_text _builder_version=&#8221;4.0.9&#8243;]<\/p>\n<p><span style=\"color: #000000;\">\u00c8 una falsit\u00e0 credere che la paura sparisca. \u00c8 come calpestare il cemento prima che si asciughi: il piede non rimane l\u00ec, ma l'impronta s\u00ec.<\/span><br \/><span style=\"color: #000000;\"><\/span><\/p>\n<p><span style=\"color: #000000;\">Tutti noi abbiamo il tesoro del coraggio, possiamo essere come le rocce nelle baie del mare, che sono state battute e sferzate dalle onde per anni, decenni, secoli, ma sono rimaste al loro posto. Il punto \u00e8 resistere alle onde. Rimanere al centro di se stessi.<\/span><\/p>\n<p><span style=\"color: #000000;\">Che pu\u00f2 aiutare:<\/span><\/p>\n<ol>\n<li><span style=\"color: #000000;\">riconoscere ci\u00f2 che vi fa sentire insicuri<\/span><\/li>\n<li><span style=\"color: #000000;\">trovare la fonte della paura attraverso l'autoanalisi<\/span><\/li>\n<li><span style=\"color: #000000;\">vivere e trasformare la paura negativa, se abbiamo un impatto su di essa<\/span><\/li>\n<li><span style=\"color: #000000;\">Lasciarsi andare, fare pace con se stessi e rivolgersi con amore verso l'interno e verso l'esterno.<\/span><\/li>\n<li><span style=\"color: #000000;\">imparare frasi e affermazioni salvavita.<\/span><\/li>\n<\/ol>\n<p><span style=\"color: #000000;\">La cosa pi\u00f9 importante \u00e8 che le affermazioni sono costantemente necessarie, cos\u00ec come l'accettazione degli altri, degli altri punti di vista. La pace dall'interno \u00e8 essenziale per progredire, non fermatevi, prendetevi del tempo per voi stessi almeno una volta alla settimana, almeno 20 minuti.<\/span><\/p>\n<p><span style=\"color: #000000;\">Potete permettervi tanto, vero? Vi amate per almeno 20 minuti, non \u00e8 vero?\u00a0<\/span><\/p>\n<p><span style=\"color: #000000;\"><\/span><\/p>\n<p>[\/et_pb_text][\/et_pb_column][\/et_pb_row][et_pb_row module_class=&#8221; et_pb_row_fullwidth&#8221; _builder_version=&#8221;4.0.9&#8243; width=&#8221;89%&#8221; width_tablet=&#8221;80%&#8221; width_phone=&#8221;&#8221; width_last_edited=&#8221;on|desktop&#8221; max_width=&#8221;89%&#8221; max_width_tablet=&#8221;80%&#8221; max_width_phone=&#8221;&#8221; max_width_last_edited=&#8221;on|desktop&#8221; custom_padding=&#8221;0px||3px|||&#8221;][et_pb_column type=&#8221;4_4&#8243; _builder_version=&#8221;4.0.9&#8243;][et_pb_text _builder_version=&#8221;4.0.9&#8243;]<\/p>\n<p><span style=\"color: #000000;\"><\/span><\/p>\n<p><span style=\"color: #000000;\">Se cos\u00ec non fosse, non c'\u00e8 niente di male, fatevi coraggio e trovate un partner che vi sostenga (coach, guida sul campo, psicologo, ecc.), ma se siete ancora resistenti, provate semplicemente con le essenze pure di erbe (fiori di bach, chakra, miscele di t\u00e8 dell'armonia), i massaggi, la sauna e la musica per calmarvi.<\/span><\/p>\n<blockquote>\n<p><span style=\"color: #000000;\">Quello che volevo trasmettere con gli esempi precedenti - e spero che l'abbiate dedotto - \u00e8 che non \u00e8 la tecnica a risolvere il vostro problema, che pu\u00f2 solo aiutare, ma la giusta conoscenza di voi stessi, la vostra introspezione, quando siete in silenzio mentre vi ascoltate e chiudete fuori tutte le influenze e i pensieri esterni.<\/span><\/p>\n<\/blockquote>\n<p><em><span style=\"color: #000000;\">Una delle mie clienti \u00e8 riuscita a fare un cambiamento cos\u00ec piccolo che ha iniziato a leggere i libri che le avevo consigliato, 5 minuti al giorno.\u00a0<\/span><span style=\"color: #000000;\">Sono grato che sia riuscito a cambiare le sue vecchie abitudini.<\/span><\/em><\/p>\n<p><span style=\"color: #000000;\">Infine, un consiglio a tutti <strong>dietro al problema o al dilemma c'\u00e8 anche un sentimento negativo, che pu\u00f2 essere un sentimento di paura<\/strong>.<\/span><\/p>\n<p>[\/et_pb_text][\/et_pb_column][\/et_pb_row][et_pb_row module_class=&#8221; et_pb_row_fullwidth&#8221; _builder_version=&#8221;4.0.9&#8243; width=&#8221;89%&#8221; width_tablet=&#8221;80%&#8221; width_phone=&#8221;&#8221; width_last_edited=&#8221;on|desktop&#8221; max_width=&#8221;89%&#8221; max_width_tablet=&#8221;80%&#8221; max_width_phone=&#8221;&#8221; max_width_last_edited=&#8221;on|desktop&#8221; custom_padding=&#8221;||3px|||&#8221;][et_pb_column type=&#8221;4_4&#8243; _builder_version=&#8221;4.0.9&#8243;][et_pb_text _builder_version=&#8221;4.0.9&#8243;]<\/p>\n<p>Vi auguro una buona giornata,<br \/> <em>Titanilla<\/em><\/p>\n<p>p.s.: scorrete in basso per trovare gli altri miei articoli su questo argomento<\/p>\n<p>[\/et_pb_text][\/et_pb_column][\/et_pb_row][\/et_pb_section][et_pb_section fb_built=&#8221;1&#8243; admin_label=&#8221;GYIK&#8221; _builder_version=&#8221;4.0.9&#8243; background_color=&#8221;rgba(107,55,115,0.52)&#8221; background_image=&#8221;https:\/\/titanillaeideh.com\/wp-content\/uploads\/Titanilla-cikk.jpg&#8221; background_blend=&#8221;overlay&#8221; custom_margin=&#8221;||&#8221; custom_padding=&#8221;0px||0px|||&#8221; collapsed=&#8221;on&#8221;][et_pb_row module_class=&#8221; et_pb_row_fullwidth&#8221; _builder_version=&#8221;3.25&#8243; width=&#8221;89%&#8221; width_tablet=&#8221;80%&#8221; width_phone=&#8221;&#8221; width_last_edited=&#8221;on|desktop&#8221; max_width=&#8221;89%&#8221; max_width_tablet=&#8221;80%&#8221; max_width_phone=&#8221;&#8221; max_width_last_edited=&#8221;on|desktop&#8221; make_fullwidth=&#8221;on&#8221;][et_pb_column type=&#8221;4_4&#8243; _builder_version=&#8221;3.25&#8243; custom_padding=&#8221;|||&#8221; custom_padding__hover=&#8221;|||&#8221;][et_pb_signup provider=&#8221;mailerlite&#8221; mailerlite_list=&#8221;titanilla.eideh.te@gmail.com|76297994&#8243; first_name_field=&#8221;off&#8221; last_name_field=&#8221;off&#8221; success_message=&#8221;K\u00f6sz\u00f6n\u00f6m, hogy megtisztelt\u00e9l a bizalmaddal \u00e9s az id\u0151ddel. Amint lesz \u00fajabb cikkem, azonnal k\u00fcld\u00f6m Neked!&#8221; title=&#8221;Tetszett, \u00e9s sz\u00edvesen olvasn\u00e1l m\u00e9g hasonl\u00f3t?&#8221; button_text=&#8221;K\u00e9rem a leveleket!&#8221; description=&#8221;<\/p>\n<p>Iscriviti per essere avvisato quando viene pubblicato un nuovo articolo!<\/p>\n<p>Sz\u00edntiszta tartalom, inspir\u00e1l\u00f3 felvet\u00e9sek &#8211; hetente egy cikk (max).<\/p>\n<p>Az \u00edr\u00e1saim val\u00f3s tud\u00e1st \u00e9s esettanulm\u00e1nyokat adnak &#8211; homlokcsapkod\u00e1ssal, \u00e1m\u00e9lkod\u00e1ssal, n\u00e9hol pedig hitetlenked\u00e9s \u00e9rz\u00e9s\u00e9vel \u00e1tsz\u0151ve.<\/p>\n<p>&#8221; footer_content=&#8221;<\/p>\n<p><em>A %22K\u00e9rem a leveleleket%22 gomb megnyom\u00e1s\u00e1val elfogadod az <span style=\"%22color:\" #808080;%22><a href=\"\/it\/%22https%3a\/\/titanillaeideh.com\/regole-di-gestione-dei-dati\/%22\/\" style=\"%22color:\" #808080;%22>Adatkezel\u00e9si szab\u00e1lyzatot \u00e9s Adatv\u00e9delmi t\u00e1j\u00e9koztat\u00f3t<\/a><\/span>.<br \/> B\u00e1rmikor leiratkozhatsz, a levelek alj\u00e1n tal\u00e1lhat\u00f3 <strong>leiratkoz\u00e1s link<\/strong> seg\u00edts\u00e9g\u00e9vel!<\/em><\/p>\n<p>&#8221; _builder_version=&#8221;4.0.9&#8243; body_font=&#8221;|300|||||||&#8221; background_enable_color=&#8221;off&#8221; background_enable_image=&#8221;off&#8221; custom_button=&#8221;on&#8221; button_bg_color=&#8221;#cf9f51&#8243; button_font=&#8221;|800|||||||&#8221; max_width=&#8221;100%&#8221;][\/et_pb_signup][\/et_pb_column][\/et_pb_row][\/et_pb_section][et_pb_section fb_built=&#8221;1&#8243; _builder_version=&#8221;3.27.4&#8243;][et_pb_row _builder_version=&#8221;3.27.4&#8243; custom_padding=&#8221;0px||0px|||&#8221;][et_pb_column type=&#8221;4_4&#8243; _builder_version=&#8221;3.27.4&#8243;][et_pb_text _builder_version=&#8221;4.0.9&#8243; text_text_color=&#8221;#6b3773&#8243; text_font_size=&#8221;30px&#8221;]<\/p>\n<p><strong>Altri articoli su questo argomento<\/strong><\/p>\n<p>[\/et_pb_text][\/et_pb_column][\/et_pb_row][et_pb_row _builder_version=&#8221;3.27.4&#8243;][et_pb_column type=&#8221;4_4&#8243; _builder_version=&#8221;3.27.4&#8243;][et_pb_blog fullwidth=&#8221;off&#8221; include_categories=&#8221;current&#8221; show_thumbnail=&#8221;off&#8221; use_overlay=&#8221;on&#8221; _builder_version=&#8221;3.27.4&#8243;][\/et_pb_blog][\/et_pb_column][\/et_pb_row][\/et_pb_section]<\/p>","protected":false},"excerpt":{"rendered":"<p>A f\u00e9lelemekr\u0151l sz\u00f3l\u00f3 cikkem 2. r\u00e9sz\u00e9t olvashatj\u00e1tok. Pedag\u00f3giai, tan\u00edt\u00f3 gyakorlatom az volt &#8211; \u00e9s az is maradt &#8211; hogy az el\u0151z\u0151 anyagot ism\u00e9telj\u00fck, hogy r\u00f6gz\u00fclj\u00f6n, \u00e9s azt kieg\u00e9sz\u00edtj\u00fck. Ebben a szellemben k\u00e9sz\u00fclt el a Szerethet\u0151 a f\u00e9lelem cikk m\u00e1sodik r\u00e9sze is. Mi\u00e9rt ezt a m\u00f3dszert alkalmazom? Tapasztalatom szerint az inform\u00e1ci\u00f3k egyszerre nem em\u00e9szthet\u0151k, \u00e9s nem [&hellip;]<\/p>","protected":false},"author":3,"featured_media":3185,"comment_status":"closed","ping_status":"open","sticky":false,"template":"","format":"standard","meta":{"_et_pb_use_builder":"on","_et_pb_old_content":"","_et_gb_content_width":"","footnotes":""},"categories":[13,11],"tags":[],"class_list":["post-3184","post","type-post","status-publish","format-standard","has-post-thumbnail","hentry","category-karrier","category-onismeret"],"yoast_head":"<!-- This site is optimized with the Yoast SEO plugin v27.1.1 - https:\/\/yoast.com\/product\/yoast-seo-wordpress\/ -->\n<title>Szerethet\u0151 a f\u00e9lelem?!? - II. r\u00e9sz | Titanilla Eideh<\/title>\n<meta name=\"description\" content=\"T\u00e1rsadalmunk n\u00e9pbetegs\u00e9gei: agg\u00f3d\u00e1s \u00e9s f\u00e9lelem. Mit \u00e9s hogyan tehet\u00fcnk ellen\u00fck? Szeress\u00fck a f\u00e9lelmet?! De mi\u00e9rt?! Ez a II. r\u00e9sz ebben ny\u00fajt seg\u00edts\u00e9get:\" \/>\n<meta name=\"robots\" content=\"index, follow, max-snippet:-1, max-image-preview:large, max-video-preview:-1\" \/>\n<link rel=\"canonical\" href=\"https:\/\/titanillaeideh.com\/it\/ama-la-risposta-ii-resz\/\" \/>\n<meta property=\"og:locale\" content=\"it_IT\" \/>\n<meta property=\"og:type\" content=\"article\" \/>\n<meta property=\"og:title\" content=\"Szerethet\u0151 a f\u00e9lelem?!? - II. r\u00e9sz (az I. r\u00e9sz b\u0151v\u00edtett v\u00e1ltozata)\" \/>\n<meta property=\"og:description\" content=\"T\u00e1rsadalmunk n\u00e9pbetegs\u00e9gei: agg\u00f3d\u00e1s \u00e9s f\u00e9lelem. Mit \u00e9s hogyan tehet\u00fcnk ellen\u00fck? Szeress\u00fck a f\u00e9lelmet?! De mi\u00e9rt?! Ez a II. r\u00e9sz ebben ny\u00fajt seg\u00edts\u00e9get:\" \/>\n<meta property=\"og:url\" content=\"https:\/\/titanillaeideh.com\/it\/ama-la-risposta-ii-resz\/\" \/>\n<meta property=\"og:site_name\" content=\"Titanilla Eideh\" \/>\n<meta property=\"article:published_time\" content=\"2020-01-22T08:44:23+00:00\" \/>\n<meta property=\"article:modified_time\" content=\"2020-01-22T14:24:43+00:00\" \/>\n<meta property=\"og:image\" content=\"https:\/\/titanillaeideh.com\/wp-content\/uploads\/f\u00e9lelem-II.-1.jpg\" \/>\n\t<meta property=\"og:image:width\" content=\"1280\" \/>\n\t<meta property=\"og:image:height\" content=\"853\" \/>\n\t<meta property=\"og:image:type\" content=\"image\/jpeg\" \/>\n<meta name=\"author\" content=\"Eideh Titanilla\" \/>\n<meta name=\"twitter:card\" content=\"summary_large_image\" \/>\n<meta name=\"twitter:label1\" content=\"Scritto da\" \/>\n\t<meta name=\"twitter:data1\" content=\"Eideh Titanilla\" \/>\n\t<meta name=\"twitter:label2\" content=\"Tempo di lettura stimato\" \/>\n\t<meta name=\"twitter:data2\" content=\"24 minuti\" \/>\n<script type=\"application\/ld+json\" class=\"yoast-schema-graph\">{\"@context\":\"https:\/\/schema.org\",\"@graph\":[{\"@type\":\"Article\",\"@id\":\"https:\/\/titanillaeideh.com\/szeretheto-a-felelem-ii-resz\/#article\",\"isPartOf\":{\"@id\":\"https:\/\/titanillaeideh.com\/szeretheto-a-felelem-ii-resz\/\"},\"author\":{\"name\":\"Eideh Titanilla\",\"@id\":\"https:\/\/titanillaeideh.com\/#\/schema\/person\/3a6082ce6b4aa7e2fc1c9e09a1588a2a\"},\"headline\":\"Szerethet\u0151 a f\u00e9lelem?!? &#8211; II. r\u00e9sz\",\"datePublished\":\"2020-01-22T08:44:23+00:00\",\"dateModified\":\"2020-01-22T14:24:43+00:00\",\"mainEntityOfPage\":{\"@id\":\"https:\/\/titanillaeideh.com\/szeretheto-a-felelem-ii-resz\/\"},\"wordCount\":4778,\"publisher\":{\"@id\":\"https:\/\/titanillaeideh.com\/#\/schema\/person\/3a6082ce6b4aa7e2fc1c9e09a1588a2a\"},\"image\":{\"@id\":\"https:\/\/titanillaeideh.com\/szeretheto-a-felelem-ii-resz\/#primaryimage\"},\"thumbnailUrl\":\"https:\/\/titanillaeideh.com\/wp-content\/uploads\/f\u00e9lelem-II.-1.jpg\",\"articleSection\":[\"Karrier\",\"\u00d6nismeret\"],\"inLanguage\":\"it-IT\"},{\"@type\":\"WebPage\",\"@id\":\"https:\/\/titanillaeideh.com\/szeretheto-a-felelem-ii-resz\/\",\"url\":\"https:\/\/titanillaeideh.com\/szeretheto-a-felelem-ii-resz\/\",\"name\":\"Szerethet\u0151 a f\u00e9lelem?!? - II. r\u00e9sz | Titanilla Eideh\",\"isPartOf\":{\"@id\":\"https:\/\/titanillaeideh.com\/#website\"},\"primaryImageOfPage\":{\"@id\":\"https:\/\/titanillaeideh.com\/szeretheto-a-felelem-ii-resz\/#primaryimage\"},\"image\":{\"@id\":\"https:\/\/titanillaeideh.com\/szeretheto-a-felelem-ii-resz\/#primaryimage\"},\"thumbnailUrl\":\"https:\/\/titanillaeideh.com\/wp-content\/uploads\/f\u00e9lelem-II.-1.jpg\",\"datePublished\":\"2020-01-22T08:44:23+00:00\",\"dateModified\":\"2020-01-22T14:24:43+00:00\",\"description\":\"T\u00e1rsadalmunk n\u00e9pbetegs\u00e9gei: agg\u00f3d\u00e1s \u00e9s f\u00e9lelem. Mit \u00e9s hogyan tehet\u00fcnk ellen\u00fck? Szeress\u00fck a f\u00e9lelmet?! De mi\u00e9rt?! Ez a II. r\u00e9sz ebben ny\u00fajt seg\u00edts\u00e9get:\",\"breadcrumb\":{\"@id\":\"https:\/\/titanillaeideh.com\/szeretheto-a-felelem-ii-resz\/#breadcrumb\"},\"inLanguage\":\"it-IT\",\"potentialAction\":[{\"@type\":\"ReadAction\",\"target\":[\"https:\/\/titanillaeideh.com\/szeretheto-a-felelem-ii-resz\/\"]}]},{\"@type\":\"ImageObject\",\"inLanguage\":\"it-IT\",\"@id\":\"https:\/\/titanillaeideh.com\/szeretheto-a-felelem-ii-resz\/#primaryimage\",\"url\":\"https:\/\/titanillaeideh.com\/wp-content\/uploads\/f\u00e9lelem-II.-1.jpg\",\"contentUrl\":\"https:\/\/titanillaeideh.com\/wp-content\/uploads\/f\u00e9lelem-II.-1.jpg\",\"width\":1280,\"height\":853,\"caption\":\"f\u00e9lelem II. 1\"},{\"@type\":\"BreadcrumbList\",\"@id\":\"https:\/\/titanillaeideh.com\/szeretheto-a-felelem-ii-resz\/#breadcrumb\",\"itemListElement\":[{\"@type\":\"ListItem\",\"position\":1,\"name\":\"Home\",\"item\":\"https:\/\/titanillaeideh.com\/\"},{\"@type\":\"ListItem\",\"position\":2,\"name\":\"Szerethet\u0151 a f\u00e9lelem?!? &#8211; II. r\u00e9sz\"}]},{\"@type\":\"WebSite\",\"@id\":\"https:\/\/titanillaeideh.com\/#website\",\"url\":\"https:\/\/titanillaeideh.com\/\",\"name\":\"Titanilla Eideh\",\"description\":\"Sch\u00fcssler s\u00f3k, integr\u00e1l coaching, tr\u00e9ningek, spiritualit\u00e1s\",\"publisher\":{\"@id\":\"https:\/\/titanillaeideh.com\/#\/schema\/person\/3a6082ce6b4aa7e2fc1c9e09a1588a2a\"},\"potentialAction\":[{\"@type\":\"SearchAction\",\"target\":{\"@type\":\"EntryPoint\",\"urlTemplate\":\"https:\/\/titanillaeideh.com\/?s={search_term_string}\"},\"query-input\":{\"@type\":\"PropertyValueSpecification\",\"valueRequired\":true,\"valueName\":\"search_term_string\"}}],\"inLanguage\":\"it-IT\"},{\"@type\":[\"Person\",\"Organization\"],\"@id\":\"https:\/\/titanillaeideh.com\/#\/schema\/person\/3a6082ce6b4aa7e2fc1c9e09a1588a2a\",\"name\":\"Eideh Titanilla\",\"image\":{\"@type\":\"ImageObject\",\"inLanguage\":\"it-IT\",\"@id\":\"https:\/\/titanillaeideh.com\/#\/schema\/person\/image\/\",\"url\":\"https:\/\/secure.gravatar.com\/avatar\/5313cc31c079db4a9c35c765d583e4baec7e37200590f4177bb2e208b451bbeb?s=96&d=mm&r=g\",\"contentUrl\":\"https:\/\/secure.gravatar.com\/avatar\/5313cc31c079db4a9c35c765d583e4baec7e37200590f4177bb2e208b451bbeb?s=96&d=mm&r=g\",\"caption\":\"Eideh Titanilla\"},\"logo\":{\"@id\":\"https:\/\/titanillaeideh.com\/#\/schema\/person\/image\/\"},\"url\":\"https:\/\/titanillaeideh.com\/it\/author\/zsuzsi\/\"}]}<\/script>\n<!-- \/ Yoast SEO plugin. -->","yoast_head_json":{"title":"La paura \u00e8 amabile?!? - Parte II | Titanilla Eideh","description":"Le malattie della nostra societ\u00e0: la preoccupazione e la paura. Cosa possiamo fare e come? Amiamo la paura? Ma perch\u00e9? Questa Parte II vi aiuter\u00e0 in questo senso:","robots":{"index":"index","follow":"follow","max-snippet":"max-snippet:-1","max-image-preview":"max-image-preview:large","max-video-preview":"max-video-preview:-1"},"canonical":"https:\/\/titanillaeideh.com\/it\/ama-la-risposta-ii-resz\/","og_locale":"it_IT","og_type":"article","og_title":"Szerethet\u0151 a f\u00e9lelem?!? - II. r\u00e9sz (az I. r\u00e9sz b\u0151v\u00edtett v\u00e1ltozata)","og_description":"T\u00e1rsadalmunk n\u00e9pbetegs\u00e9gei: agg\u00f3d\u00e1s \u00e9s f\u00e9lelem. Mit \u00e9s hogyan tehet\u00fcnk ellen\u00fck? Szeress\u00fck a f\u00e9lelmet?! De mi\u00e9rt?! Ez a II. r\u00e9sz ebben ny\u00fajt seg\u00edts\u00e9get:","og_url":"https:\/\/titanillaeideh.com\/it\/ama-la-risposta-ii-resz\/","og_site_name":"Titanilla Eideh","article_published_time":"2020-01-22T08:44:23+00:00","article_modified_time":"2020-01-22T14:24:43+00:00","og_image":[{"width":1280,"height":853,"url":"https:\/\/titanillaeideh.com\/wp-content\/uploads\/f\u00e9lelem-II.-1.jpg","type":"image\/jpeg"}],"author":"Eideh Titanilla","twitter_card":"summary_large_image","twitter_misc":{"Scritto da":"Eideh Titanilla","Tempo di lettura stimato":"24 minuti"},"schema":{"@context":"https:\/\/schema.org","@graph":[{"@type":"Article","@id":"https:\/\/titanillaeideh.com\/szeretheto-a-felelem-ii-resz\/#article","isPartOf":{"@id":"https:\/\/titanillaeideh.com\/szeretheto-a-felelem-ii-resz\/"},"author":{"name":"Eideh Titanilla","@id":"https:\/\/titanillaeideh.com\/#\/schema\/person\/3a6082ce6b4aa7e2fc1c9e09a1588a2a"},"headline":"Szerethet\u0151 a f\u00e9lelem?!? &#8211; II. r\u00e9sz","datePublished":"2020-01-22T08:44:23+00:00","dateModified":"2020-01-22T14:24:43+00:00","mainEntityOfPage":{"@id":"https:\/\/titanillaeideh.com\/szeretheto-a-felelem-ii-resz\/"},"wordCount":4778,"publisher":{"@id":"https:\/\/titanillaeideh.com\/#\/schema\/person\/3a6082ce6b4aa7e2fc1c9e09a1588a2a"},"image":{"@id":"https:\/\/titanillaeideh.com\/szeretheto-a-felelem-ii-resz\/#primaryimage"},"thumbnailUrl":"https:\/\/titanillaeideh.com\/wp-content\/uploads\/f\u00e9lelem-II.-1.jpg","articleSection":["Karrier","\u00d6nismeret"],"inLanguage":"it-IT"},{"@type":"WebPage","@id":"https:\/\/titanillaeideh.com\/szeretheto-a-felelem-ii-resz\/","url":"https:\/\/titanillaeideh.com\/szeretheto-a-felelem-ii-resz\/","name":"La paura \u00e8 amabile?!? - Parte II | Titanilla Eideh","isPartOf":{"@id":"https:\/\/titanillaeideh.com\/#website"},"primaryImageOfPage":{"@id":"https:\/\/titanillaeideh.com\/szeretheto-a-felelem-ii-resz\/#primaryimage"},"image":{"@id":"https:\/\/titanillaeideh.com\/szeretheto-a-felelem-ii-resz\/#primaryimage"},"thumbnailUrl":"https:\/\/titanillaeideh.com\/wp-content\/uploads\/f\u00e9lelem-II.-1.jpg","datePublished":"2020-01-22T08:44:23+00:00","dateModified":"2020-01-22T14:24:43+00:00","description":"Le malattie della nostra societ\u00e0: la preoccupazione e la paura. Cosa possiamo fare e come? Amiamo la paura? Ma perch\u00e9? Questa Parte II vi aiuter\u00e0 in questo senso:","breadcrumb":{"@id":"https:\/\/titanillaeideh.com\/szeretheto-a-felelem-ii-resz\/#breadcrumb"},"inLanguage":"it-IT","potentialAction":[{"@type":"ReadAction","target":["https:\/\/titanillaeideh.com\/szeretheto-a-felelem-ii-resz\/"]}]},{"@type":"ImageObject","inLanguage":"it-IT","@id":"https:\/\/titanillaeideh.com\/szeretheto-a-felelem-ii-resz\/#primaryimage","url":"https:\/\/titanillaeideh.com\/wp-content\/uploads\/f\u00e9lelem-II.-1.jpg","contentUrl":"https:\/\/titanillaeideh.com\/wp-content\/uploads\/f\u00e9lelem-II.-1.jpg","width":1280,"height":853,"caption":"f\u00e9lelem II. 1"},{"@type":"BreadcrumbList","@id":"https:\/\/titanillaeideh.com\/szeretheto-a-felelem-ii-resz\/#breadcrumb","itemListElement":[{"@type":"ListItem","position":1,"name":"Home","item":"https:\/\/titanillaeideh.com\/"},{"@type":"ListItem","position":2,"name":"Szerethet\u0151 a f\u00e9lelem?!? &#8211; II. r\u00e9sz"}]},{"@type":"WebSite","@id":"https:\/\/titanillaeideh.com\/#website","url":"https:\/\/titanillaeideh.com\/","name":"Titanilla Eideh","description":"Sali di Sch\u00fcssler, coaching integrale, formazione, spiritualit\u00e0","publisher":{"@id":"https:\/\/titanillaeideh.com\/#\/schema\/person\/3a6082ce6b4aa7e2fc1c9e09a1588a2a"},"potentialAction":[{"@type":"SearchAction","target":{"@type":"EntryPoint","urlTemplate":"https:\/\/titanillaeideh.com\/?s={search_term_string}"},"query-input":{"@type":"PropertyValueSpecification","valueRequired":true,"valueName":"search_term_string"}}],"inLanguage":"it-IT"},{"@type":["Person","Organization"],"@id":"https:\/\/titanillaeideh.com\/#\/schema\/person\/3a6082ce6b4aa7e2fc1c9e09a1588a2a","name":"Eideh Titanilla","image":{"@type":"ImageObject","inLanguage":"it-IT","@id":"https:\/\/titanillaeideh.com\/#\/schema\/person\/image\/","url":"https:\/\/secure.gravatar.com\/avatar\/5313cc31c079db4a9c35c765d583e4baec7e37200590f4177bb2e208b451bbeb?s=96&d=mm&r=g","contentUrl":"https:\/\/secure.gravatar.com\/avatar\/5313cc31c079db4a9c35c765d583e4baec7e37200590f4177bb2e208b451bbeb?s=96&d=mm&r=g","caption":"Eideh Titanilla"},"logo":{"@id":"https:\/\/titanillaeideh.com\/#\/schema\/person\/image\/"},"url":"https:\/\/titanillaeideh.com\/it\/author\/zsuzsi\/"}]}},"_links":{"self":[{"href":"https:\/\/titanillaeideh.com\/it\/wp-json\/wp\/v2\/posts\/3184","targetHints":{"allow":["GET"]}}],"collection":[{"href":"https:\/\/titanillaeideh.com\/it\/wp-json\/wp\/v2\/posts"}],"about":[{"href":"https:\/\/titanillaeideh.com\/it\/wp-json\/wp\/v2\/types\/post"}],"author":[{"embeddable":true,"href":"https:\/\/titanillaeideh.com\/it\/wp-json\/wp\/v2\/users\/3"}],"replies":[{"embeddable":true,"href":"https:\/\/titanillaeideh.com\/it\/wp-json\/wp\/v2\/comments?post=3184"}],"version-history":[{"count":0,"href":"https:\/\/titanillaeideh.com\/it\/wp-json\/wp\/v2\/posts\/3184\/revisions"}],"wp:featuredmedia":[{"embeddable":true,"href":"https:\/\/titanillaeideh.com\/it\/wp-json\/wp\/v2\/media\/3185"}],"wp:attachment":[{"href":"https:\/\/titanillaeideh.com\/it\/wp-json\/wp\/v2\/media?parent=3184"}],"wp:term":[{"taxonomy":"category","embeddable":true,"href":"https:\/\/titanillaeideh.com\/it\/wp-json\/wp\/v2\/categories?post=3184"},{"taxonomy":"post_tag","embeddable":true,"href":"https:\/\/titanillaeideh.com\/it\/wp-json\/wp\/v2\/tags?post=3184"}],"curies":[{"name":"wp","href":"https:\/\/api.w.org\/{rel}","templated":true}]}}