{"id":2966,"date":"2019-11-29T18:03:35","date_gmt":"2019-11-29T18:03:35","guid":{"rendered":"https:\/\/titanillaeideh.com\/?p=2966"},"modified":"2022-08-15T15:17:33","modified_gmt":"2022-08-15T15:17:33","slug":"limportanza-della-comunicazione-nella-nostra-vita","status":"publish","type":"post","link":"https:\/\/titanillaeideh.com\/it\/limportanza-della-comunicazione-nella-nostra-vita\/","title":{"rendered":"L'importanza della comunicazione nella nostra vita"},"content":{"rendered":"[et_pb_section fb_built=&#8221;1&#8243; _builder_version=&#8221;3.22&#8243; custom_margin=&#8221;0px||0px&#8221; custom_padding=&#8221;0px||0px|||&#8221;][et_pb_row use_custom_gutter=&#8221;on&#8221; gutter_width=&#8221;1&#8243; module_class=&#8221; et_pb_row_fullwidth&#8221; _builder_version=&#8221;3.25&#8243; width=&#8221;100%&#8221; width_tablet=&#8221;100%&#8221; width_phone=&#8221;&#8221; width_last_edited=&#8221;on|desktop&#8221; max_width=&#8221;100%&#8221; max_width_tablet=&#8221;100%&#8221; max_width_phone=&#8221;&#8221; max_width_last_edited=&#8221;on|desktop&#8221; custom_padding=&#8221;0|0px|27px|0px|false|false&#8221; make_fullwidth=&#8221;on&#8221;][et_pb_column type=&#8221;4_4&#8243; _builder_version=&#8221;3.25&#8243; custom_padding=&#8221;|||&#8221; custom_padding__hover=&#8221;|||&#8221;][et_pb_post_title date=&#8221;off&#8221; comments=&#8221;off&#8221; featured_placement=&#8221;background&#8221; text_color=&#8221;light&#8221; _builder_version=&#8221;3.29.3&#8243; title_font=&#8221;||||||||&#8221; title_font_size=&#8221;50px&#8221; title_line_height=&#8221;1.6em&#8221; meta_font=&#8221;||||||||&#8221; meta_font_size=&#8221;25px&#8221; meta_line_height=&#8221;1.6em&#8221; background_image=&#8221;https:\/\/titanillaeideh.com\/wp-content\/uploads\/\u00f6r\u00f6kl\u00f6tt-mint\u00e1k1.jpg&#8221; custom_margin=&#8221;||&#8221; custom_padding=&#8221;150px||100px&#8221; title_font_size_tablet=&#8221;&#8221; title_font_size_phone=&#8221;36px&#8221; title_font_size_last_edited=&#8221;on|phone&#8221; meta_font_size_tablet=&#8221;&#8221; meta_font_size_phone=&#8221;20px&#8221; meta_font_size_last_edited=&#8221;on|desktop&#8221; title_text_shadow_style=&#8221;preset1&#8243;][\/et_pb_post_title][\/et_pb_column][\/et_pb_row][\/et_pb_section][et_pb_section fb_built=&#8221;1&#8243; _builder_version=&#8221;3.22&#8243; custom_margin=&#8221;3px|||||&#8221; custom_padding=&#8221;4px||3px|||&#8221;][et_pb_row module_class=&#8221; et_pb_row_fullwidth&#8221; _builder_version=&#8221;3.25&#8243; width=&#8221;89%&#8221; width_tablet=&#8221;80%&#8221; width_phone=&#8221;&#8221; width_last_edited=&#8221;on|desktop&#8221; max_width=&#8221;89%&#8221; max_width_tablet=&#8221;80%&#8221; max_width_phone=&#8221;&#8221; max_width_last_edited=&#8221;on|desktop&#8221; make_fullwidth=&#8221;on&#8221;][et_pb_column type=&#8221;4_4&#8243; _builder_version=&#8221;3.25&#8243; custom_padding=&#8221;|||&#8221; custom_padding__hover=&#8221;|||&#8221;][et_pb_text _builder_version=&#8221;4.0.6&#8243; text_font=&#8221;||||||||&#8221; quote_font=&#8221;||||||||&#8221;]<p><span style=\"font-weight: 400;\">Nessuno mette in dubbio l'importanza della comunicazione nella nostra vita, ma credo che non si dia abbastanza importanza all'affinamento di questa abilit\u00e0. <\/span><span style=\"font-weight: 400;\"><br \/> <\/span><span style=\"font-weight: 400;\">Forse rifletteremmo un po' se sapessimo che la nostra comunicazione ha un grande impatto non solo sulla nostra vita, ma anche su quella dei nostri figli, dei colleghi e del mondo che ci circonda. In particolare, copiando noi genitori da bambini. In senso positivo e negativo. Oppure i nostri colleghi pi\u00f9 prossimi comunicano con noi come noi comunichiamo con loro. <\/span><span style=\"font-weight: 400;\"><br \/> <\/span><span style=\"font-weight: 400;\">E da dove proviene il nostro modello di comunicazione? Dai nostri genitori, naturalmente, e poi dai nostri insegnanti, e cos\u00ec via attraverso le persone che hanno avuto una grande influenza su di noi durante la crescita.\u00a0<\/span><\/p>\n<p>La comunicazione \u00e8 un fenomeno sociale\/sociale fondamentale. Si distingue tra comunicazione verbale (ad esempio, la risposta verbale) e comunicazione non verbale (come il linguaggio del corpo).\u00a0<\/p>\n<p>\u00c8 la prima abilit\u00e0 che acquisiamo da bambini. Tuttavia, crescendo, la nostra comunicazione - in un certo senso - purtroppo si deteriora: non troviamo le parole giuste: \"cosa\/come dire?\", abbiamo paura di esprimere i nostri sentimenti a parole: \"come dirtelo?\", per paura di generare una polemica.\u00a0<\/p>[\/et_pb_text][\/et_pb_column][\/et_pb_row][et_pb_row column_structure=&#8221;3_5,2_5&#8243; module_class=&#8221; et_pb_row_fullwidth&#8221; _builder_version=&#8221;3.25&#8243; width=&#8221;89%&#8221; width_tablet=&#8221;80%&#8221; width_phone=&#8221;&#8221; width_last_edited=&#8221;on|desktop&#8221; max_width=&#8221;89%&#8221; max_width_tablet=&#8221;80%&#8221; max_width_phone=&#8221;&#8221; max_width_last_edited=&#8221;on|desktop&#8221; make_fullwidth=&#8221;on&#8221;][et_pb_column type=&#8221;3_5&#8243; _builder_version=&#8221;3.25&#8243; custom_padding=&#8221;|||&#8221; custom_padding__hover=&#8221;|||&#8221;][et_pb_text _builder_version=&#8221;4.0.6&#8243; text_font=&#8221;||||||||&#8221; quote_font=&#8221;||||||||&#8221;]<p><span style=\"font-weight: 400;\">Ad esempio, quando andavo a scuola, c'era l'aspettativa tacita che, in quanto figlio di un insegnante, solo un 4,5 fosse accettabile. In base a questa aspettativa, come avrei detto ai miei genitori se avessi preso un voto pi\u00f9 basso?<\/span><\/p>\n<p><span style=\"font-weight: 400;\">Rimproveri, prese in giro, parole umilianti di fronte alla comunit\u00e0 - queste sono impresse nella nostra anima, nella nostra memoria come un'impronta fossile, le cui tracce rimangono nella nostra vita adulta... Ho un ricordo di questo tipo quando la mia insegnante di classe mi chiamava con il mio cognome invece che con il mio nome di battesimo e gridava: \"Il tuo autobus non \u00e8 ancora partito, S\u00e1rai?!\". Questa umiliazione mi fece pensare che era meglio non parlare, perch\u00e9 se avessi detto qualcosa sarei stato deriso. Mi ha lasciato un segno profondo. Situazioni simili possono indurvi a sussurrare quando parlate, a gemere (non riuscite a trovare le parole), o magari a farvi sudare i palmi delle mani quando dovete parlare davanti a un pubblico, o siete semplicemente nervosi quando dovete affrontare qualcosa da soli. 10 anni fa pensavo che un corso di formazione sulla comunicazione mi avrebbe aiutato a superare questi problemi. <\/span><\/p>[\/et_pb_text][\/et_pb_column][et_pb_column type=&#8221;2_5&#8243; _builder_version=&#8221;3.25&#8243; custom_padding=&#8221;|||&#8221; custom_padding__hover=&#8221;|||&#8221;][et_pb_image src=&#8221;https:\/\/titanillaeideh.com\/wp-content\/uploads\/kommunik\u00e1ci\u00f3-jelent\u0151s\u00e9ge-2.jpg&#8221; _builder_version=&#8221;4.0.6&#8243;][\/et_pb_image][\/et_pb_column][\/et_pb_row][et_pb_row module_class=&#8221; et_pb_row_fullwidth&#8221; _builder_version=&#8221;3.29.3&#8243; width=&#8221;89%&#8221; width_tablet=&#8221;80%&#8221; width_phone=&#8221;&#8221; width_last_edited=&#8221;on|desktop&#8221; max_width=&#8221;89%&#8221; max_width_tablet=&#8221;80%&#8221; max_width_phone=&#8221;&#8221; max_width_last_edited=&#8221;on|desktop&#8221;][et_pb_column type=&#8221;4_4&#8243; _builder_version=&#8221;3.25&#8243; custom_padding=&#8221;|||&#8221; custom_padding__hover=&#8221;|||&#8221;][et_pb_text _builder_version=&#8221;4.0.6&#8243; header_font=&#8221;||||||||&#8221; header_2_font=&#8221;||||||||&#8221; header_2_font_size_tablet=&#8221;&#8221; header_2_font_size_phone=&#8221;30px&#8221; header_2_font_size_last_edited=&#8221;on|phone&#8221;]<p><span>Ora so che tutta la formazione professionale deve essere preceduta dallo sviluppo personale, dall'autoriflessione e dall'autoconsapevolezza.<\/span><\/p>\n<p><span>Tutti hanno paura del cambiamento e navigare in acque sconosciute pu\u00f2 essere spaventoso, ma \u00e8 l'unica VERA possibilit\u00e0 che abbiamo di comunicare in un modo che sia autoidentico e pacifico.<\/span><\/p>\n<p><span><\/span><\/p>\n<h3><span style=\"font-weight: 400;\">In breve: qual \u00e8 l'importanza principale della comunicazione?<\/span><\/h3>\n<p><span style=\"font-weight: 400;\"><\/span><\/p>\n<p>\u00c8 semplicemente che ci d\u00e0 l'opportunit\u00e0 di migliorare la nostra vita. I rapporti umani e le relazioni si realizzano attraverso la comunicazione, che \u00e8 lo scambio di informazioni.<\/p>\n<p><span style=\"font-size: 29px; color: #6b3773; font-family: Lato, Helvetica, Arial, Lucida, sans-serif;\"><\/span><\/p>\n<p><span style=\"font-size: 29px; color: #6b3773; font-family: Lato, Helvetica, Arial, Lucida, sans-serif;\">L'importanza della comunicazione dal punto di vista scientifico<\/span><\/p>\n<h3><span style=\"font-weight: 400;\">Libri in tutte le quantit\u00e0<\/span><\/h3>\n<p>La mia curiosit\u00e0 non mi ha mai abbandonato, ho iniziato ad analizzare, a immergermi nei pensieri, negli atteggiamenti e nei perch\u00e9 umani, e ho scavato sempre pi\u00f9 a fondo nei misteri. Per quasi 10 anni ho divorato libri scientifici sul comportamento umano, come quelli del dottor David Hawkins, di Susan Forward, di Bert Hellinger, di Dan Millman, di Marshall Rosenberg... Traggo l'essenza delle loro ricerche scientifiche, ne traggo le conclusioni e poi, con un pizzico di intuizione, ne sviluppo la mia comunicazione.\u00a0<\/p>\n<p>&nbsp;<\/p>\n<h3><span style=\"font-weight: 400;\">Corsi di formazione e formatori<\/span><\/h3>\n<p>Il tesoro successivo che ho trovato \u00e8 stato il corso di comunicazione non violenta, un viaggio meraviglioso verso me stessa e quindi in connessione con gli altri. Il formatore e le mie relazioni sembravano ricordarmi che non \u00e8 sufficiente capire l'altro, empatizzare con la sua situazione, ma che devo essere paziente per ricevere. Che cos'\u00e8 l'accettazione? Ci sono momenti in cui il cuore umano \u00e8 chiuso in una serratura, in un guscio, quando preferisce coprirsi le orecchie, non vuole sentire, vedere o sentire, ma preferisce fuggire. \u00c8 allora che il silenzio \u00e8 importante, non per quello che vorrei dire, ma per il fatto che sedersi accanto all'altro crea una sensazione di sicurezza. Mi fido dell'altro, accetto la situazione e, lentamente, il cuore chiuso si apre. In questi casi, anche la narrazione pu\u00f2 essere un buon modo per guarire.<\/p>\n<p><span style=\"font-weight: 400;\"><\/span><\/p>[\/et_pb_text][\/et_pb_column][\/et_pb_row][et_pb_row module_class=&#8221; et_pb_row_fullwidth&#8221; _builder_version=&#8221;3.25&#8243; width=&#8221;89%&#8221; width_tablet=&#8221;80%&#8221; width_phone=&#8221;&#8221; width_last_edited=&#8221;on|desktop&#8221; max_width=&#8221;89%&#8221; max_width_tablet=&#8221;80%&#8221; max_width_phone=&#8221;&#8221; max_width_last_edited=&#8221;on|desktop&#8221; custom_padding=&#8221;||7px|||&#8221;][et_pb_column type=&#8221;4_4&#8243; _builder_version=&#8221;3.25&#8243; custom_padding=&#8221;|||&#8221; custom_padding__hover=&#8221;|||&#8221;][et_pb_text _builder_version=&#8221;4.0.6&#8243; header_font=&#8221;||||||||&#8221; header_2_font=&#8221;||||||||&#8221; header_2_font_size_tablet=&#8221;&#8221; header_2_font_size_phone=&#8221;30px&#8221; header_2_font_size_last_edited=&#8221;on|phone&#8221;]<h2><span>Quando la comunicazione \u00e8 buona\/utile e quando \u00e8 dannosa?<\/span><\/h2>[\/et_pb_text][\/et_pb_column][\/et_pb_row][et_pb_row column_structure=&#8221;2_5,3_5&#8243; module_class=&#8221; et_pb_row_fullwidth&#8221; _builder_version=&#8221;3.25&#8243; width=&#8221;89%&#8221; width_tablet=&#8221;80%&#8221; width_phone=&#8221;&#8221; width_last_edited=&#8221;on|desktop&#8221; max_width=&#8221;89%&#8221; max_width_tablet=&#8221;80%&#8221; max_width_phone=&#8221;&#8221; max_width_last_edited=&#8221;on|desktop&#8221; custom_padding=&#8221;27px|0px|0|0px|false|false&#8221; make_fullwidth=&#8221;on&#8221;][et_pb_column type=&#8221;2_5&#8243; _builder_version=&#8221;3.25&#8243; custom_padding=&#8221;|||&#8221; custom_padding__hover=&#8221;|||&#8221;][et_pb_image src=&#8221;https:\/\/titanillaeideh.com\/wp-content\/uploads\/kommunik\u00e1ci\u00f3-jelent\u0151s\u00e9ge-3.jpg&#8221; _builder_version=&#8221;4.0.6&#8243; custom_margin=&#8221;40px||||false|false&#8221;][\/et_pb_image][\/et_pb_column][et_pb_column type=&#8221;3_5&#8243; _builder_version=&#8221;3.29.3&#8243;][et_pb_text _builder_version=&#8221;4.0.6&#8243;]<p><span style=\"font-weight: 400;\">Uscire dalla nostra vecchia reazione di pancia alla<\/span><b> connettersi consapevolmente, sintonizzarsi con i sentimenti e i bisogni dell'altro, comprendere e accettare il punto di vista dell'altro <\/b><span style=\"font-weight: 400;\">- questo<\/span> <span style=\"font-weight: 400;\">comunicazione di supporto. Tutto ci\u00f2 che non funziona in questo modo - come vi ho detto - \u00e8 dannoso.<\/span><\/p>\n<p><span style=\"font-weight: 400;\">Il \"destino\" ha voluto che sperimentassi diversi \"ruoli\", che mi hanno aiutato ad avere una comunicazione di supporto con i miei figli, la mia famiglia e le mie relazioni. E il viaggio non \u00e8 ancora finito, sto ancora imparando.\u00a0<\/span><\/p>\n<p><span style=\"font-weight: 400;\">Come educatore, ho imparato cosa sono l'educazione e la psicologia infantile in generale. Poi ho trovato la mia strada nella societ\u00e0 adulta, dove ho incontrato la realt\u00e0 quando, come cacciatore di taglie, come hr, sono scivolato dentro e fuori dalle trappole della comunicazione umana a causa della mia testa calda. Poi il coaching mi ha insegnato il senso della pazienza, dell'ascolto, della sintonizzazione con l'altro, il cui risultato \u00e8 stato un'attenzione significativa.\u00a0<\/span><\/p>[\/et_pb_text][\/et_pb_column][\/et_pb_row][et_pb_row module_class=&#8221; et_pb_row_fullwidth&#8221; _builder_version=&#8221;3.29.3&#8243; width=&#8221;89%&#8221; width_tablet=&#8221;80%&#8221; width_phone=&#8221;&#8221; width_last_edited=&#8221;on|desktop&#8221; max_width=&#8221;89%&#8221; max_width_tablet=&#8221;80%&#8221; max_width_phone=&#8221;&#8221; max_width_last_edited=&#8221;on|desktop&#8221; custom_padding=&#8221;27px|0px|0|0px|false|false&#8221;][et_pb_column type=&#8221;4_4&#8243; _builder_version=&#8221;3.29.3&#8243;][et_pb_text _builder_version=&#8221;4.0.6&#8243;]<p><span>Sono stata in grado di utilizzare le domande del coaching con i miei figli, che hanno iniziato a capire chi sono veramente, abbiamo imparato a fidarci e ad essere onesti insieme. Poi la vita mi ha messo di fronte a compiti pi\u00f9 grandi, quando ho fondato una comunit\u00e0 di risorse umane, in cui mi sono trovato in difficolt\u00e0 e si sono sviluppati dei conflitti di comunicazione.<\/span><\/p>[\/et_pb_text][\/et_pb_column][\/et_pb_row][et_pb_row module_class=&#8221; et_pb_row_fullwidth&#8221; _builder_version=&#8221;3.25&#8243; width=&#8221;89%&#8221; width_tablet=&#8221;80%&#8221; width_phone=&#8221;&#8221; width_last_edited=&#8221;on|desktop&#8221; max_width=&#8221;89%&#8221; max_width_tablet=&#8221;80%&#8221; max_width_phone=&#8221;&#8221; max_width_last_edited=&#8221;on|desktop&#8221; custom_margin=&#8221;44px|auto||auto||&#8221; custom_padding=&#8221;0|0px|27px|0px|false|false&#8221; make_fullwidth=&#8221;on&#8221;][et_pb_column type=&#8221;4_4&#8243; _builder_version=&#8221;3.25&#8243; custom_padding=&#8221;|||&#8221; custom_padding__hover=&#8221;|||&#8221;][et_pb_text _builder_version=&#8221;4.0.6&#8243; header_font=&#8221;||||||||&#8221; header_2_font=&#8221;||||||||&#8221; custom_margin=&#8221;||19px|||&#8221; header_2_font_size_tablet=&#8221;&#8221; header_2_font_size_phone=&#8221;30px&#8221; header_2_font_size_last_edited=&#8221;on|phone&#8221;]<h2><span style=\"font-weight: 400;\">Caratteristiche e conseguenze della comunicazione genitori-bambini favorevole e dannosa<\/span><\/h2>[\/et_pb_text][et_pb_text _builder_version=&#8221;4.0.6&#8243; custom_padding=&#8221;||0px|||&#8221;]<p><span style=\"font-weight: 400;\">Il genitore <\/span><b>feedback di supporto<\/b><span style=\"font-weight: 400;\">Ad esempio, annuire, sorridere d\u00e0 forma e forma a un'ulteriore comunicazione: pu\u00f2 farvi progredire, incoraggiarvi e quindi rafforzare l'autostima e la fiducia in voi stessi del vostro bambino. Tuttavia, come dimostra la ricerca di Em\u0151ke Bagdy, la comunicazione influisce in ultima analisi sulle relazioni sociali dei nostri figli, ostacolandole addirittura in caso di opposizione, critica o incomprensione da parte dell'ambiente. Inoltre, l'uso della comunicazione di massa rafforza ulteriori svantaggi nell'area della comunicazione, dove la conversazione \u00e8 a senso unico, senza nemmeno la possibilit\u00e0 di un \"feedback\".<\/span><\/p>\n<p>La comunicazione dannosa \u00e8 qualcosa che credo tutti abbiano sperimentato da bambini, sia in famiglia che a scuola, o addirittura all'asilo.<\/p>\n<p><span style=\"font-weight: 400;\">Vi suonano familiari?<\/span><\/p>\n<ul>\n<li style=\"font-weight: 400;\"><span style=\"font-weight: 400;\">Come mai l'altro bambino ci \u00e8 riuscito e tu no?<\/span><\/li>\n<li style=\"font-weight: 400;\"><span style=\"font-weight: 400;\">Come si pu\u00f2 essere cos\u00ec pigri, lenti, maldestri, goffi, impacciati, disattenti, ecc.<\/span><\/li>\n<li style=\"font-weight: 400;\"><span style=\"font-weight: 400;\">Chi si comporta bene viene lodato.<\/span><\/li>\n<li style=\"font-weight: 400;\"><span style=\"font-weight: 400;\">Si pu\u00f2 essere solo qualcuno con un buon biglietto.<\/span><\/li>\n<\/ul>\n<p>Non \u00e8 mai troppo tardi per cambiare, se ci rendiamo conto che le nostre relazioni spesso non vanno nella giusta direzione! 20 anni fa non avrei mai pensato che tanto dipende dalla comunicazione auto-identica.10 anni fa ho iniziato a rendermi conto che \u00e8 fondamentale fare i conti con me stessa per guidare i miei figli e orientarli nella loro carriera, perch\u00e9 come potrei aiutare gli altri se non avessi analizzato il mio sviluppo della personalit\u00e0 e le dinamiche relazionali? Se non conosco la via d'uscita dal labirinto, come posso guidare qualcuno ad uscirne? Ecco cosa vuol dire comunicazione, autoconsapevolezza. Il primo passo \u00e8 sempre quello di \"conoscere noi stessi, genitori, per mettere ordine\". E nel farlo, non dobbiamo dimenticare che la nostra comunicazione \u00e8 un modello che il bambino porta avanti involontariamente fino all'et\u00e0 adulta.<\/p>\n<blockquote>\n<p><strong>Quale genitore non vuole vedere i propri figli felici, quale genitore non vuole relazioni commoventi?<\/strong><\/p>\n<\/blockquote>[\/et_pb_text][\/et_pb_column][\/et_pb_row][et_pb_row module_class=&#8221; et_pb_row_fullwidth&#8221; _builder_version=&#8221;3.25&#8243; width=&#8221;89%&#8221; width_tablet=&#8221;80%&#8221; width_phone=&#8221;&#8221; width_last_edited=&#8221;on|desktop&#8221; max_width=&#8221;89%&#8221; max_width_tablet=&#8221;80%&#8221; max_width_phone=&#8221;&#8221; max_width_last_edited=&#8221;on|desktop&#8221; custom_padding=&#8221;||3px|||&#8221;][et_pb_column type=&#8221;4_4&#8243; _builder_version=&#8221;3.25&#8243; custom_padding=&#8221;|||&#8221; custom_padding__hover=&#8221;|||&#8221;][et_pb_text _builder_version=&#8221;4.0.6&#8243; header_font=&#8221;||||||||&#8221; header_2_font=&#8221;||||||||&#8221; header_2_font_size_tablet=&#8221;&#8221; header_2_font_size_phone=&#8221;30px&#8221; header_2_font_size_last_edited=&#8221;on|phone&#8221;]<h2><span style=\"font-weight: 400;\">Come possiamo capire se c'\u00e8 un disturbo nei canali di comunicazione?<\/span><\/h2>[\/et_pb_text][\/et_pb_column][\/et_pb_row][et_pb_row module_class=&#8221; et_pb_row_fullwidth&#8221; _builder_version=&#8221;3.25&#8243; width=&#8221;89%&#8221; width_tablet=&#8221;80%&#8221; width_phone=&#8221;&#8221; width_last_edited=&#8221;on|desktop&#8221; max_width=&#8221;89%&#8221; max_width_tablet=&#8221;80%&#8221; max_width_phone=&#8221;&#8221; max_width_last_edited=&#8221;on|desktop&#8221; custom_margin=&#8221;-4px|auto||auto||&#8221; custom_padding=&#8221;27px|0px|2px|0px|false|false&#8221; make_fullwidth=&#8221;on&#8221;][et_pb_column type=&#8221;4_4&#8243; _builder_version=&#8221;3.25&#8243; custom_padding=&#8221;|||&#8221; custom_padding__hover=&#8221;|||&#8221;][et_pb_text _builder_version=&#8221;4.0.6&#8243; custom_margin=&#8221;-4px|||||&#8221;]<p><span style=\"font-weight: 400;\">In sostanza, se percepiamo un problema di abilit\u00e0 sociali in noi stessi o nei nostri figli, il nostro canale di comunicazione \u00e8 bloccato.<br \/> <\/span><span style=\"font-weight: 400;\">Alcuni possibili \"sintomi\" da identificare:<\/span><\/p>\n<ul>\n<li style=\"font-weight: 400;\"><span style=\"font-weight: 400;\">sentimenti di isolamento, solitudine<\/span><\/li>\n<li style=\"font-weight: 400;\"><span style=\"font-weight: 400;\">comportamento aggressivo, litigi frequenti<\/span><\/li>\n<li style=\"font-weight: 400;\"><span style=\"font-weight: 400;\">sottovalutazione o sopravvalutazione\u00a0<\/span><\/li>\n<li style=\"font-weight: 400;\"><span style=\"font-weight: 400;\">perfezionismo\/perfezionismo<\/span><\/li>\n<li style=\"font-weight: 400;\"><span style=\"font-weight: 400;\">perseveranza\/problemi di gestione<\/span><\/li>\n<li style=\"font-weight: 400;\"><span style=\"font-weight: 400;\">fenomeni negativi legati alla motivazione<\/span><\/li>\n<li style=\"font-weight: 400;\"><span style=\"font-weight: 400;\">mancanza di struttura, dispersione<\/span><\/li>\n<li style=\"font-weight: 400;\"><span style=\"font-weight: 400;\">problemi di apprendimento e di memoria<\/span><\/li>\n<\/ul>\n<p>\u00c8 difficile per tutti affrontare le proprie mancanze, perch\u00e9 vogliamo che tutto sia abbastanza perfetto. Ma darsi delle spiegazioni consolatorie non aiuta n\u00e9 noi n\u00e9 i nostri figli.<\/p>[\/et_pb_text][\/et_pb_column][\/et_pb_row][et_pb_row module_class=&#8221; et_pb_row_fullwidth&#8221; _builder_version=&#8221;3.25&#8243; width=&#8221;89%&#8221; width_tablet=&#8221;80%&#8221; width_phone=&#8221;&#8221; width_last_edited=&#8221;on|desktop&#8221; max_width=&#8221;89%&#8221; max_width_tablet=&#8221;80%&#8221; max_width_phone=&#8221;&#8221; max_width_last_edited=&#8221;on|desktop&#8221; custom_padding=&#8221;||3px|||&#8221;][et_pb_column type=&#8221;4_4&#8243; _builder_version=&#8221;3.25&#8243; custom_padding=&#8221;|||&#8221; custom_padding__hover=&#8221;|||&#8221;][et_pb_text _builder_version=&#8221;4.0.6&#8243; header_font=&#8221;||||||||&#8221; header_2_font=&#8221;||||||||&#8221; header_2_font_size_tablet=&#8221;&#8221; header_2_font_size_phone=&#8221;30px&#8221; header_2_font_size_last_edited=&#8221;on|phone&#8221;]<h2><span style=\"font-weight: 400;\">Come possiamo guarire se una volta abbiamo sbagliato a comunicare? <\/span><\/h2>[\/et_pb_text][\/et_pb_column][\/et_pb_row][et_pb_row column_structure=&#8221;3_5,2_5&#8243; module_class=&#8221; et_pb_row_fullwidth&#8221; _builder_version=&#8221;3.25&#8243; width=&#8221;89%&#8221; width_tablet=&#8221;80%&#8221; width_phone=&#8221;&#8221; width_last_edited=&#8221;on|desktop&#8221; max_width=&#8221;89%&#8221; max_width_tablet=&#8221;80%&#8221; max_width_phone=&#8221;&#8221; max_width_last_edited=&#8221;on|desktop&#8221; make_fullwidth=&#8221;on&#8221;][et_pb_column type=&#8221;3_5&#8243; _builder_version=&#8221;3.25&#8243; custom_padding=&#8221;|||&#8221; custom_padding__hover=&#8221;|||&#8221;][et_pb_text _builder_version=&#8221;4.0.6&#8243; text_font=&#8221;||||||||&#8221; quote_font=&#8221;||||||||&#8221;]<p><span style=\"font-weight: 400;\">Innanzitutto, non \u00e8 facile capire se si sta seguendo un modello di comunicazione ereditato.\u00a0<\/span><\/p>\n<p><b>La prima cosa da fare per guarire \u00e8 il riconoscimento,<\/b><span style=\"font-weight: 400;\"> possiamo tornare al passato.<\/span><\/p>\n<p><span style=\"font-weight: 400;\">Per cogliervi sul fatto, per riconoscervi?<\/span><\/p>\n<p><span style=\"font-weight: 400;\">In base alla mia esperienza di oltre 20 anni, non si pu\u00f2 fare da soli. <\/span><b>Riconosce<\/b><span style=\"font-weight: 400;\"> dalla vostra storia alla radice del problema, e <\/span><b>croce<\/b><span style=\"font-weight: 400;\"> Proprio come il nostro bambino, quando \u00e8 triste, ascoltiamo e cerchiamo di prenderlo per mano con il cuore e l'anima, per danzare fuori dall'abisso, per mostrargli la luce, o anche per offrirgli un sorriso e un conforto. Questo \u00e8 anche il compito degli aiutanti.<\/span><\/p>\n<p><span style=\"font-weight: 400;\">Il valore dell'incontro con un aiutante \u00e8 inestimabile, solo alcuni esempi di feedback:<\/span><\/p>\n<p><span style=\"font-weight: 400;\">... \"stimola e fa riflettere\"\u00a0<\/span><\/p>\n<p><span style=\"font-weight: 400;\">... \"Sento che l'energia comincia ad accumularsi\".<\/span><\/p>\n<p><span style=\"font-weight: 400;\">... \"mi riempie di entusiasmo\".\u00a0<\/span><\/p>\n<p><span style=\"font-weight: 400;\">.... \"Ho ricevuto ordini all'improvviso\".<\/span><\/p>[\/et_pb_text][\/et_pb_column][et_pb_column type=&#8221;2_5&#8243; _builder_version=&#8221;3.25&#8243; custom_padding=&#8221;|||&#8221; custom_padding__hover=&#8221;|||&#8221;][et_pb_image src=&#8221;https:\/\/titanillaeideh.com\/wp-content\/uploads\/kommunik\u00e1ci\u00f3-jelent\u0151s\u00e9ge-5.jpg&#8221; _builder_version=&#8221;4.0.6&#8243;][\/et_pb_image][\/et_pb_column][\/et_pb_row][et_pb_row module_class=&#8221; et_pb_row_fullwidth&#8221; _builder_version=&#8221;3.25&#8243; width=&#8221;89%&#8221; width_tablet=&#8221;80%&#8221; width_phone=&#8221;&#8221; width_last_edited=&#8221;on|desktop&#8221; max_width=&#8221;89%&#8221; max_width_tablet=&#8221;80%&#8221; max_width_phone=&#8221;&#8221; max_width_last_edited=&#8221;on|desktop&#8221; custom_margin=&#8221;-4px|auto||auto||&#8221; custom_padding=&#8221;27px|0px|2px|0px|false|false&#8221; make_fullwidth=&#8221;on&#8221;][et_pb_column type=&#8221;4_4&#8243; _builder_version=&#8221;3.25&#8243; custom_padding=&#8221;|||&#8221; custom_padding__hover=&#8221;|||&#8221;][et_pb_text _builder_version=&#8221;4.0.6&#8243; custom_margin=&#8221;-4px|||||&#8221;]<h3>Cosa potete fare oggi per favorire il vostro recupero, prima di trovare l'aiuto giusto per voi?<\/h3>\n<p><span style=\"font-weight: 400;\"><\/span><\/p>\n<p><span style=\"font-weight: 400;\">Amate voi stessi abbastanza da concedervi almeno 20 minuti di silenzio ogni giorno. Magari concedetevi una candela e riflettete, \"appendendo i piedi\".<\/span><\/p>\n<p><span style=\"font-weight: 400;\">Ricordate ci\u00f2 che avete sicuramente imparato:\u00a0<\/span><span style=\"font-weight: 400;\">con tutti i suoi sforzi per <a href=\"https:\/\/titanillaeideh.com\/it\/sei-tu-che-conosci-la-tua-spina-dorsale\/\">il bambino vede il genitore come un modello di comportamento<\/a>.\u00a0<\/span><\/p>\n<p><span style=\"font-weight: 400;\">Che cosa intendo?\u00a0<\/span><\/p>\n<p><span style=\"font-weight: 400;\">Seguiamo anche involontariamente, se non siamo stati in grado di comunicare con noi da bambini, che qualcuno diventi chiuso in se stesso da adulto, ad esempio. Imitiamo anche quando manca la qualit\u00e0 del tempo trascorso a parlare, a condividere le emozioni... non riusciamo a commentare, a fare domande a una persona o spesso a litigare.<\/span><\/p>\n<p><span style=\"font-weight: 400;\">Per dirla in modo positivo, si tratta anche di un modello ereditario: se in famiglia e tra gli amici c'\u00e8 stato ascolto reciproco, comprensione, conversazioni aperte e oneste, allora in et\u00e0 adulta troveremo una personalit\u00e0 equilibrata, <\/span><b>\"\u00c8 cos\u00ec bello stare con lui\".<\/b><span style=\"font-weight: 400;\">- una sensazione di pace nei nostri cuori.<\/span><\/p>\n<p><b>Credo che nel profondo del nostro cuore desideriamo amore, comprensione, attenzione e feedback costruttivo, e che la comunicazione sia il modo in cui viviamo la nostra vita quotidiana:<\/b><\/p>\n<p><span style=\"font-weight: 400;\">- sia per iscritto, state leggendo il mio articolo....<\/span><\/p>\n<p><span style=\"font-weight: 400;\">- che sia orale, che racconti a qualcuno ci\u00f2 che ha letto...\u00a0<\/span><\/p>\n<p><span style=\"font-weight: 400;\">- o anche solo un sorriso piacevole, un cenno carezzevole del capo, un luccichio negli occhi, che noi classifichiamo come comunicazione non verbale.<\/span><\/p>\n<p><i><span style=\"font-weight: 400;\">Assicuriamoci di avere momenti di qualit\u00e0 comunicando quanto sia bello avere risate e gioia in casa con i nostri figli, la nostra famiglia e il nostro ambiente. <\/span><\/i><\/p>\n<p><i><span style=\"font-weight: 400;\">Vi auguro buoni minuti!<\/span><\/i><\/p>[\/et_pb_text][\/et_pb_column][\/et_pb_row][\/et_pb_section][et_pb_section fb_built=&#8221;1&#8243; _builder_version=&#8221;3.27.4&#8243;][et_pb_row _builder_version=&#8221;3.27.4&#8243;][et_pb_column type=&#8221;4_4&#8243; _builder_version=&#8221;3.27.4&#8243;][et_pb_post_nav in_same_term=&#8221;on&#8221; _builder_version=&#8221;3.27.4&#8243; title_font=&#8221;|800|||||||&#8221; background_color=&#8221;#cf9f51&#8243;][\/et_pb_post_nav][\/et_pb_column][\/et_pb_row][et_pb_row _builder_version=&#8221;3.27.4&#8243;][et_pb_column type=&#8221;4_4&#8243; _builder_version=&#8221;3.27.4&#8243;][et_pb_text _builder_version=&#8221;3.27.4&#8243;]<blockquote>\n<p><strong>Altri articoli su questo tema:<\/strong><\/p>\n<\/blockquote>[\/et_pb_text][\/et_pb_column][\/et_pb_row][et_pb_row _builder_version=&#8221;3.27.4&#8243;][et_pb_column type=&#8221;4_4&#8243; _builder_version=&#8221;3.27.4&#8243;][et_pb_blog fullwidth=&#8221;off&#8221; include_categories=&#8221;current&#8221; show_thumbnail=&#8221;off&#8221; use_overlay=&#8221;on&#8221; _builder_version=&#8221;3.27.4&#8243;][\/et_pb_blog][\/et_pb_column][\/et_pb_row][\/et_pb_section]","protected":false},"excerpt":{"rendered":"<p>Senki sem vitatja a kommunik\u00e1ci\u00f3 jelent\u0151s\u00e9g\u00e9t az \u00e9let\u00fcnkben, de m\u00e9gis \u00fagy gondolom, nem fektet\u00fcnk el\u00e9g hangs\u00falyt arra, hogy csiszoljuk eme k\u00e9pess\u00e9g\u00fcnket. Tal\u00e1n akkor elgondolkozn\u00e1nk egy kicsit, ha megtudn\u00e1nk azt a t\u00e9nyt, hogy a kommunik\u00e1ci\u00f3nkkal nem csak a saj\u00e9t \u00e9let\u00fcnkre, hanem a gyerekeink, koll\u00e9g\u00e1ink, \u00e9s k\u00f6rnyezet\u00fcnk \u00e9let\u00e9re is nagyban hatunk. Konkr\u00e9tan azzal, hogy mint a gyerekek [&hellip;]<\/p>","protected":false},"author":3,"featured_media":2970,"comment_status":"closed","ping_status":"open","sticky":false,"template":"","format":"standard","meta":{"_et_pb_use_builder":"on","_et_pb_old_content":"","_et_gb_content_width":"2880","footnotes":""},"categories":[13,11],"tags":[],"class_list":["post-2966","post","type-post","status-publish","format-standard","has-post-thumbnail","hentry","category-karrier","category-onismeret"],"yoast_head":"<!-- This site is optimized with the Yoast SEO plugin v27.1.1 - https:\/\/yoast.com\/product\/yoast-seo-wordpress\/ -->\n<title>A kommunik\u00e1ci\u00f3 jelent\u0151s\u00e9ge az \u00e9let\u00fcnk sor\u00e1n | Titanilla Eideh<\/title>\n<meta name=\"description\" content=\"A kommunik\u00e1ci\u00f3 jelent\u0151s\u00e9ge sokkal nagyobb az \u00e9let\u00fcnkben, mint els\u0151re gondoljuk. Kihat a csal\u00e1di, kolleg\u00e1ris kacsolatunkra, \u00e9s ezt k\u00f6vetik a gyerekeink is...\" \/>\n<meta name=\"robots\" content=\"index, follow, max-snippet:-1, max-image-preview:large, max-video-preview:-1\" \/>\n<link rel=\"canonical\" href=\"https:\/\/titanillaeideh.com\/it\/limportanza-della-comunicazione-nella-nostra-vita\/\" \/>\n<meta property=\"og:locale\" content=\"it_IT\" \/>\n<meta property=\"og:type\" content=\"article\" \/>\n<meta property=\"og:title\" content=\"A kommunik\u00e1ci\u00f3 jelent\u0151s\u00e9ge az \u00e9let\u00fcnk sor\u00e1n | Titanilla Eideh\" \/>\n<meta property=\"og:description\" content=\"A kommunik\u00e1ci\u00f3 jelent\u0151s\u00e9ge sokkal nagyobb az \u00e9let\u00fcnkben, mint els\u0151re gondoljuk. Kihat a csal\u00e1di, kolleg\u00e1ris kacsolatunkra, \u00e9s ezt k\u00f6vetik a gyerekeink is...\" \/>\n<meta property=\"og:url\" content=\"https:\/\/titanillaeideh.com\/it\/limportanza-della-comunicazione-nella-nostra-vita\/\" \/>\n<meta property=\"og:site_name\" content=\"Titanilla Eideh\" \/>\n<meta property=\"article:published_time\" content=\"2019-11-29T18:03:35+00:00\" \/>\n<meta property=\"article:modified_time\" content=\"2022-08-15T15:17:33+00:00\" \/>\n<meta property=\"og:image\" content=\"https:\/\/titanillaeideh.com\/wp-content\/uploads\/kommunik\u00e1ci\u00f3-jelent\u0151s\u00e9ge-1.jpg\" \/>\n\t<meta property=\"og:image:width\" content=\"1280\" \/>\n\t<meta property=\"og:image:height\" content=\"960\" \/>\n\t<meta property=\"og:image:type\" content=\"image\/jpeg\" \/>\n<meta name=\"author\" content=\"Eideh Titanilla\" \/>\n<meta name=\"twitter:card\" content=\"summary_large_image\" \/>\n<meta name=\"twitter:label1\" content=\"Scritto da\" \/>\n\t<meta name=\"twitter:data1\" content=\"Eideh Titanilla\" \/>\n\t<meta name=\"twitter:label2\" content=\"Tempo di lettura stimato\" \/>\n\t<meta name=\"twitter:data2\" content=\"10 minuti\" \/>\n<script type=\"application\/ld+json\" class=\"yoast-schema-graph\">{\"@context\":\"https:\/\/schema.org\",\"@graph\":[{\"@type\":\"Article\",\"@id\":\"https:\/\/titanillaeideh.com\/a-kommunikacio-jelentosege-az-eletunk-soran\/#article\",\"isPartOf\":{\"@id\":\"https:\/\/titanillaeideh.com\/a-kommunikacio-jelentosege-az-eletunk-soran\/\"},\"author\":{\"name\":\"Eideh Titanilla\",\"@id\":\"https:\/\/titanillaeideh.com\/#\/schema\/person\/3a6082ce6b4aa7e2fc1c9e09a1588a2a\"},\"headline\":\"A kommunik\u00e1ci\u00f3 jelent\u0151s\u00e9ge az \u00e9let\u00fcnk sor\u00e1n\",\"datePublished\":\"2019-11-29T18:03:35+00:00\",\"dateModified\":\"2022-08-15T15:17:33+00:00\",\"mainEntityOfPage\":{\"@id\":\"https:\/\/titanillaeideh.com\/a-kommunikacio-jelentosege-az-eletunk-soran\/\"},\"wordCount\":3551,\"publisher\":{\"@id\":\"https:\/\/titanillaeideh.com\/#\/schema\/person\/3a6082ce6b4aa7e2fc1c9e09a1588a2a\"},\"image\":{\"@id\":\"https:\/\/titanillaeideh.com\/a-kommunikacio-jelentosege-az-eletunk-soran\/#primaryimage\"},\"thumbnailUrl\":\"https:\/\/titanillaeideh.com\/wp-content\/uploads\/kommunik\u00e1ci\u00f3-jelent\u0151s\u00e9ge-1.jpg\",\"articleSection\":[\"Karrier\",\"\u00d6nismeret\"],\"inLanguage\":\"it-IT\"},{\"@type\":\"WebPage\",\"@id\":\"https:\/\/titanillaeideh.com\/a-kommunikacio-jelentosege-az-eletunk-soran\/\",\"url\":\"https:\/\/titanillaeideh.com\/a-kommunikacio-jelentosege-az-eletunk-soran\/\",\"name\":\"A kommunik\u00e1ci\u00f3 jelent\u0151s\u00e9ge az \u00e9let\u00fcnk sor\u00e1n | Titanilla Eideh\",\"isPartOf\":{\"@id\":\"https:\/\/titanillaeideh.com\/#website\"},\"primaryImageOfPage\":{\"@id\":\"https:\/\/titanillaeideh.com\/a-kommunikacio-jelentosege-az-eletunk-soran\/#primaryimage\"},\"image\":{\"@id\":\"https:\/\/titanillaeideh.com\/a-kommunikacio-jelentosege-az-eletunk-soran\/#primaryimage\"},\"thumbnailUrl\":\"https:\/\/titanillaeideh.com\/wp-content\/uploads\/kommunik\u00e1ci\u00f3-jelent\u0151s\u00e9ge-1.jpg\",\"datePublished\":\"2019-11-29T18:03:35+00:00\",\"dateModified\":\"2022-08-15T15:17:33+00:00\",\"description\":\"A kommunik\u00e1ci\u00f3 jelent\u0151s\u00e9ge sokkal nagyobb az \u00e9let\u00fcnkben, mint els\u0151re gondoljuk. Kihat a csal\u00e1di, kolleg\u00e1ris kacsolatunkra, \u00e9s ezt k\u00f6vetik a gyerekeink is...\",\"breadcrumb\":{\"@id\":\"https:\/\/titanillaeideh.com\/a-kommunikacio-jelentosege-az-eletunk-soran\/#breadcrumb\"},\"inLanguage\":\"it-IT\",\"potentialAction\":[{\"@type\":\"ReadAction\",\"target\":[\"https:\/\/titanillaeideh.com\/a-kommunikacio-jelentosege-az-eletunk-soran\/\"]}]},{\"@type\":\"ImageObject\",\"inLanguage\":\"it-IT\",\"@id\":\"https:\/\/titanillaeideh.com\/a-kommunikacio-jelentosege-az-eletunk-soran\/#primaryimage\",\"url\":\"https:\/\/titanillaeideh.com\/wp-content\/uploads\/kommunik\u00e1ci\u00f3-jelent\u0151s\u00e9ge-1.jpg\",\"contentUrl\":\"https:\/\/titanillaeideh.com\/wp-content\/uploads\/kommunik\u00e1ci\u00f3-jelent\u0151s\u00e9ge-1.jpg\",\"width\":1280,\"height\":960,\"caption\":\"kommunik\u00e1ci\u00f3 jelent\u0151s\u00e9ge 1\"},{\"@type\":\"BreadcrumbList\",\"@id\":\"https:\/\/titanillaeideh.com\/a-kommunikacio-jelentosege-az-eletunk-soran\/#breadcrumb\",\"itemListElement\":[{\"@type\":\"ListItem\",\"position\":1,\"name\":\"Home\",\"item\":\"https:\/\/titanillaeideh.com\/\"},{\"@type\":\"ListItem\",\"position\":2,\"name\":\"A kommunik\u00e1ci\u00f3 jelent\u0151s\u00e9ge az \u00e9let\u00fcnk sor\u00e1n\"}]},{\"@type\":\"WebSite\",\"@id\":\"https:\/\/titanillaeideh.com\/#website\",\"url\":\"https:\/\/titanillaeideh.com\/\",\"name\":\"Titanilla Eideh\",\"description\":\"Sch\u00fcssler s\u00f3k, integr\u00e1l coaching, tr\u00e9ningek, spiritualit\u00e1s\",\"publisher\":{\"@id\":\"https:\/\/titanillaeideh.com\/#\/schema\/person\/3a6082ce6b4aa7e2fc1c9e09a1588a2a\"},\"potentialAction\":[{\"@type\":\"SearchAction\",\"target\":{\"@type\":\"EntryPoint\",\"urlTemplate\":\"https:\/\/titanillaeideh.com\/?s={search_term_string}\"},\"query-input\":{\"@type\":\"PropertyValueSpecification\",\"valueRequired\":true,\"valueName\":\"search_term_string\"}}],\"inLanguage\":\"it-IT\"},{\"@type\":[\"Person\",\"Organization\"],\"@id\":\"https:\/\/titanillaeideh.com\/#\/schema\/person\/3a6082ce6b4aa7e2fc1c9e09a1588a2a\",\"name\":\"Eideh Titanilla\",\"image\":{\"@type\":\"ImageObject\",\"inLanguage\":\"it-IT\",\"@id\":\"https:\/\/titanillaeideh.com\/#\/schema\/person\/image\/\",\"url\":\"https:\/\/secure.gravatar.com\/avatar\/5313cc31c079db4a9c35c765d583e4baec7e37200590f4177bb2e208b451bbeb?s=96&d=mm&r=g\",\"contentUrl\":\"https:\/\/secure.gravatar.com\/avatar\/5313cc31c079db4a9c35c765d583e4baec7e37200590f4177bb2e208b451bbeb?s=96&d=mm&r=g\",\"caption\":\"Eideh Titanilla\"},\"logo\":{\"@id\":\"https:\/\/titanillaeideh.com\/#\/schema\/person\/image\/\"},\"url\":\"https:\/\/titanillaeideh.com\/it\/author\/zsuzsi\/\"}]}<\/script>\n<!-- \/ Yoast SEO plugin. -->","yoast_head_json":{"title":"L'importanza della comunicazione nella nostra vita | Titanilla Eideh","description":"La comunicazione \u00e8 pi\u00f9 importante nella nostra vita di quanto si possa pensare. Influisce sulle nostre relazioni familiari e collegiali, e i nostri figli seguono...","robots":{"index":"index","follow":"follow","max-snippet":"max-snippet:-1","max-image-preview":"max-image-preview:large","max-video-preview":"max-video-preview:-1"},"canonical":"https:\/\/titanillaeideh.com\/it\/limportanza-della-comunicazione-nella-nostra-vita\/","og_locale":"it_IT","og_type":"article","og_title":"A kommunik\u00e1ci\u00f3 jelent\u0151s\u00e9ge az \u00e9let\u00fcnk sor\u00e1n | Titanilla Eideh","og_description":"A kommunik\u00e1ci\u00f3 jelent\u0151s\u00e9ge sokkal nagyobb az \u00e9let\u00fcnkben, mint els\u0151re gondoljuk. Kihat a csal\u00e1di, kolleg\u00e1ris kacsolatunkra, \u00e9s ezt k\u00f6vetik a gyerekeink is...","og_url":"https:\/\/titanillaeideh.com\/it\/limportanza-della-comunicazione-nella-nostra-vita\/","og_site_name":"Titanilla Eideh","article_published_time":"2019-11-29T18:03:35+00:00","article_modified_time":"2022-08-15T15:17:33+00:00","og_image":[{"width":1280,"height":960,"url":"https:\/\/titanillaeideh.com\/wp-content\/uploads\/kommunik\u00e1ci\u00f3-jelent\u0151s\u00e9ge-1.jpg","type":"image\/jpeg"}],"author":"Eideh Titanilla","twitter_card":"summary_large_image","twitter_misc":{"Scritto da":"Eideh Titanilla","Tempo di lettura stimato":"10 minuti"},"schema":{"@context":"https:\/\/schema.org","@graph":[{"@type":"Article","@id":"https:\/\/titanillaeideh.com\/a-kommunikacio-jelentosege-az-eletunk-soran\/#article","isPartOf":{"@id":"https:\/\/titanillaeideh.com\/a-kommunikacio-jelentosege-az-eletunk-soran\/"},"author":{"name":"Eideh Titanilla","@id":"https:\/\/titanillaeideh.com\/#\/schema\/person\/3a6082ce6b4aa7e2fc1c9e09a1588a2a"},"headline":"A kommunik\u00e1ci\u00f3 jelent\u0151s\u00e9ge az \u00e9let\u00fcnk sor\u00e1n","datePublished":"2019-11-29T18:03:35+00:00","dateModified":"2022-08-15T15:17:33+00:00","mainEntityOfPage":{"@id":"https:\/\/titanillaeideh.com\/a-kommunikacio-jelentosege-az-eletunk-soran\/"},"wordCount":3551,"publisher":{"@id":"https:\/\/titanillaeideh.com\/#\/schema\/person\/3a6082ce6b4aa7e2fc1c9e09a1588a2a"},"image":{"@id":"https:\/\/titanillaeideh.com\/a-kommunikacio-jelentosege-az-eletunk-soran\/#primaryimage"},"thumbnailUrl":"https:\/\/titanillaeideh.com\/wp-content\/uploads\/kommunik\u00e1ci\u00f3-jelent\u0151s\u00e9ge-1.jpg","articleSection":["Karrier","\u00d6nismeret"],"inLanguage":"it-IT"},{"@type":"WebPage","@id":"https:\/\/titanillaeideh.com\/a-kommunikacio-jelentosege-az-eletunk-soran\/","url":"https:\/\/titanillaeideh.com\/a-kommunikacio-jelentosege-az-eletunk-soran\/","name":"L'importanza della comunicazione nella nostra vita | Titanilla Eideh","isPartOf":{"@id":"https:\/\/titanillaeideh.com\/#website"},"primaryImageOfPage":{"@id":"https:\/\/titanillaeideh.com\/a-kommunikacio-jelentosege-az-eletunk-soran\/#primaryimage"},"image":{"@id":"https:\/\/titanillaeideh.com\/a-kommunikacio-jelentosege-az-eletunk-soran\/#primaryimage"},"thumbnailUrl":"https:\/\/titanillaeideh.com\/wp-content\/uploads\/kommunik\u00e1ci\u00f3-jelent\u0151s\u00e9ge-1.jpg","datePublished":"2019-11-29T18:03:35+00:00","dateModified":"2022-08-15T15:17:33+00:00","description":"La comunicazione \u00e8 pi\u00f9 importante nella nostra vita di quanto si possa pensare. Influisce sulle nostre relazioni familiari e collegiali, e i nostri figli seguono...","breadcrumb":{"@id":"https:\/\/titanillaeideh.com\/a-kommunikacio-jelentosege-az-eletunk-soran\/#breadcrumb"},"inLanguage":"it-IT","potentialAction":[{"@type":"ReadAction","target":["https:\/\/titanillaeideh.com\/a-kommunikacio-jelentosege-az-eletunk-soran\/"]}]},{"@type":"ImageObject","inLanguage":"it-IT","@id":"https:\/\/titanillaeideh.com\/a-kommunikacio-jelentosege-az-eletunk-soran\/#primaryimage","url":"https:\/\/titanillaeideh.com\/wp-content\/uploads\/kommunik\u00e1ci\u00f3-jelent\u0151s\u00e9ge-1.jpg","contentUrl":"https:\/\/titanillaeideh.com\/wp-content\/uploads\/kommunik\u00e1ci\u00f3-jelent\u0151s\u00e9ge-1.jpg","width":1280,"height":960,"caption":"kommunik\u00e1ci\u00f3 jelent\u0151s\u00e9ge 1"},{"@type":"BreadcrumbList","@id":"https:\/\/titanillaeideh.com\/a-kommunikacio-jelentosege-az-eletunk-soran\/#breadcrumb","itemListElement":[{"@type":"ListItem","position":1,"name":"Home","item":"https:\/\/titanillaeideh.com\/"},{"@type":"ListItem","position":2,"name":"A kommunik\u00e1ci\u00f3 jelent\u0151s\u00e9ge az \u00e9let\u00fcnk sor\u00e1n"}]},{"@type":"WebSite","@id":"https:\/\/titanillaeideh.com\/#website","url":"https:\/\/titanillaeideh.com\/","name":"Titanilla Eideh","description":"Sali di Sch\u00fcssler, coaching integrale, formazione, spiritualit\u00e0","publisher":{"@id":"https:\/\/titanillaeideh.com\/#\/schema\/person\/3a6082ce6b4aa7e2fc1c9e09a1588a2a"},"potentialAction":[{"@type":"SearchAction","target":{"@type":"EntryPoint","urlTemplate":"https:\/\/titanillaeideh.com\/?s={search_term_string}"},"query-input":{"@type":"PropertyValueSpecification","valueRequired":true,"valueName":"search_term_string"}}],"inLanguage":"it-IT"},{"@type":["Person","Organization"],"@id":"https:\/\/titanillaeideh.com\/#\/schema\/person\/3a6082ce6b4aa7e2fc1c9e09a1588a2a","name":"Eideh Titanilla","image":{"@type":"ImageObject","inLanguage":"it-IT","@id":"https:\/\/titanillaeideh.com\/#\/schema\/person\/image\/","url":"https:\/\/secure.gravatar.com\/avatar\/5313cc31c079db4a9c35c765d583e4baec7e37200590f4177bb2e208b451bbeb?s=96&d=mm&r=g","contentUrl":"https:\/\/secure.gravatar.com\/avatar\/5313cc31c079db4a9c35c765d583e4baec7e37200590f4177bb2e208b451bbeb?s=96&d=mm&r=g","caption":"Eideh Titanilla"},"logo":{"@id":"https:\/\/titanillaeideh.com\/#\/schema\/person\/image\/"},"url":"https:\/\/titanillaeideh.com\/it\/author\/zsuzsi\/"}]}},"_links":{"self":[{"href":"https:\/\/titanillaeideh.com\/it\/wp-json\/wp\/v2\/posts\/2966","targetHints":{"allow":["GET"]}}],"collection":[{"href":"https:\/\/titanillaeideh.com\/it\/wp-json\/wp\/v2\/posts"}],"about":[{"href":"https:\/\/titanillaeideh.com\/it\/wp-json\/wp\/v2\/types\/post"}],"author":[{"embeddable":true,"href":"https:\/\/titanillaeideh.com\/it\/wp-json\/wp\/v2\/users\/3"}],"replies":[{"embeddable":true,"href":"https:\/\/titanillaeideh.com\/it\/wp-json\/wp\/v2\/comments?post=2966"}],"version-history":[{"count":0,"href":"https:\/\/titanillaeideh.com\/it\/wp-json\/wp\/v2\/posts\/2966\/revisions"}],"wp:featuredmedia":[{"embeddable":true,"href":"https:\/\/titanillaeideh.com\/it\/wp-json\/wp\/v2\/media\/2970"}],"wp:attachment":[{"href":"https:\/\/titanillaeideh.com\/it\/wp-json\/wp\/v2\/media?parent=2966"}],"wp:term":[{"taxonomy":"category","embeddable":true,"href":"https:\/\/titanillaeideh.com\/it\/wp-json\/wp\/v2\/categories?post=2966"},{"taxonomy":"post_tag","embeddable":true,"href":"https:\/\/titanillaeideh.com\/it\/wp-json\/wp\/v2\/tags?post=2966"}],"curies":[{"name":"wp","href":"https:\/\/api.w.org\/{rel}","templated":true}]}}