{"id":2829,"date":"2019-09-23T11:30:49","date_gmt":"2019-09-23T11:30:49","guid":{"rendered":"https:\/\/titanillaeideh.com\/?p=2829"},"modified":"2019-09-23T12:30:13","modified_gmt":"2019-09-23T12:30:13","slug":"vivere-nella-paura-o-prendere-un-batorsag","status":"publish","type":"post","link":"https:\/\/titanillaeideh.com\/it\/vivere-nella-paura-o-prendere-un-batorsag\/","title":{"rendered":"Vivere nella paura o trovare il coraggio?"},"content":{"rendered":"<p>[et_pb_section fb_built=&#8221;1&#8243; _builder_version=&#8221;3.22&#8243; custom_margin=&#8221;0px||0px&#8221; custom_padding=&#8221;0px||&#8221; fb_built=&#8221;1&#8243; _i=&#8221;0&#8243; _address=&#8221;0&#8243;][et_pb_row use_custom_gutter=&#8221;on&#8221; gutter_width=&#8221;1&#8243; module_class=&#8221; et_pb_row_fullwidth&#8221; _builder_version=&#8221;3.25&#8243; width=&#8221;100%&#8221; width_tablet=&#8221;100%&#8221; width_last_edited=&#8221;on|desktop&#8221; max_width=&#8221;100%&#8221; max_width_tablet=&#8221;100%&#8221; max_width_last_edited=&#8221;on|desktop&#8221; custom_padding=&#8221;0|0px|27px|0px|false|false&#8221; make_fullwidth=&#8221;on&#8221; _i=&#8221;0&#8243; _address=&#8221;0.0&#8243;][et_pb_column type=&#8221;4_4&#8243; _builder_version=&#8221;3.25&#8243; custom_padding=&#8221;|||&#8221; _i=&#8221;0&#8243; _address=&#8221;0.0.0&#8243; custom_padding__hover=&#8221;|||&#8221;][et_pb_post_title date=&#8221;off&#8221; comments=&#8221;off&#8221; featured_placement=&#8221;background&#8221; text_color=&#8221;light&#8221; _builder_version=&#8221;3.27.4&#8243; title_font=&#8221;||||||||&#8221; title_text_color=&#8221;#37005b&#8221; title_font_size=&#8221;50px&#8221; title_line_height=&#8221;1.6em&#8221; title_text_shadow_style=&#8221;preset1&#8243; meta_font=&#8221;||||||||&#8221; meta_font_size=&#8221;25px&#8221; meta_line_height=&#8221;1.6em&#8221; custom_margin=&#8221;||&#8221; custom_padding=&#8221;150px||100px&#8221; title_font_size_phone=&#8221;36px&#8221; title_font_size_last_edited=&#8221;on|phone&#8221; meta_font_size_phone=&#8221;20px&#8221; meta_font_size_last_edited=&#8221;on|desktop&#8221; _i=&#8221;0&#8243; _address=&#8221;0.0.0.0&#8243;][\/et_pb_post_title][\/et_pb_column][\/et_pb_row][\/et_pb_section][et_pb_section fb_built=&#8221;1&#8243; _builder_version=&#8221;3.22&#8243; fb_built=&#8221;1&#8243; _i=&#8221;1&#8243; _address=&#8221;1&#8243;][et_pb_row _builder_version=&#8221;3.25&#8243; _i=&#8221;0&#8243; _address=&#8221;1.0&#8243;][et_pb_column type=&#8221;4_4&#8243; _builder_version=&#8221;3.25&#8243; custom_padding=&#8221;|||&#8221; _i=&#8221;0&#8243; _address=&#8221;1.0.0&#8243; custom_padding__hover=&#8221;|||&#8221;][et_pb_text _builder_version=&#8221;3.27.4&#8243; header_font=&#8221;||||||||&#8221; header_2_font=&#8221;||||||||&#8221; header_2_font_size_phone=&#8221;30px&#8221; header_2_font_size_last_edited=&#8221;on|desktop&#8221; _i=&#8221;0&#8243; _address=&#8221;1.0.0.0&#8243;]<\/p>\n<h2><b>Dovete prendere una decisione nella vostra vita!<\/b><\/h2>\n<p>[\/et_pb_text][\/et_pb_column][\/et_pb_row][et_pb_row column_structure=&#8221;2_3,1_3&#8243; module_class=&#8221; et_pb_row_fullwidth&#8221; _builder_version=&#8221;3.25&#8243; width=&#8221;89%&#8221; width_tablet=&#8221;80%&#8221; width_last_edited=&#8221;on|desktop&#8221; max_width=&#8221;89%&#8221; max_width_tablet=&#8221;80%&#8221; max_width_last_edited=&#8221;on|desktop&#8221; make_fullwidth=&#8221;on&#8221; _i=&#8221;1&#8243; _address=&#8221;1.1&#8243;][et_pb_column type=&#8221;2_3&#8243; _builder_version=&#8221;3.25&#8243; custom_padding=&#8221;|||&#8221; _i=&#8221;0&#8243; _address=&#8221;1.1.0&#8243; custom_padding__hover=&#8221;|||&#8221;][et_pb_text _builder_version=&#8221;3.27.4&#8243; text_font=&#8221;||||||||&#8221; quote_font=&#8221;||||||||&#8221; _i=&#8221;0&#8243; _address=&#8221;1.1.0.0&#8243;]<\/p>\n<p><span style=\"font-weight: 400;\">Ci sono molti percorsi di vita. Non c'\u00e8 un percorso giusto o sbagliato. \u00c8 una vostra scelta vivere nella paura o trovare il coraggio e andare avanti in una vita in cui potete essere voi stessi.<\/span><\/p>\n<p><span style=\"font-weight: 400;\">Chi avrebbe mai pensato che, dopo 30 anni, quella bambina obbediente si sarebbe rivelata l'opposto di ci\u00f2 che il suo ambiente pensava che fosse?<\/span><\/p>\n<p><span style=\"font-weight: 400;\">Ripensandoci, ho avuto un'infanzia difficile, e non parlo di benessere materiale, ma di ponti, di abitudini. Sono cresciuta con l'idea che l'adulto ha sempre ragione, il capo ha sempre ragione, non si deve andare contro di lui. Se cercavo di farmi valere perch\u00e9 mi sentivo ferito nei miei sentimenti o perch\u00e9 ritenevo ingiusto il comportamento di qualcuno, mi beccavo la parte pi\u00f9 corta del bastone. Da bambino avevo ragione per gli altri, da piccolo adulto avevo ragione per i miei superiori, venivo punito da tutte le parti solo per aver pensato liberamente al mio percorso di vita. Pensavo liberamente perch\u00e9 avevo un'opinione...<\/span><\/p>\n<p>[\/et_pb_text][\/et_pb_column][et_pb_column type=&#8221;1_3&#8243; _builder_version=&#8221;3.25&#8243; custom_padding=&#8221;|||&#8221; _i=&#8221;1&#8243; _address=&#8221;1.1.1&#8243; custom_padding__hover=&#8221;|||&#8221;][et_pb_image src=&#8221;https:\/\/titanillaeideh.com\/wp-content\/uploads\/dontened-kell.jpg&#8221; _builder_version=&#8221;3.27.4&#8243; max_width=&#8221;100%&#8221; custom_margin=&#8221;50px||||false|false&#8221; _i=&#8221;0&#8243; _address=&#8221;1.1.1.0&#8243;][\/et_pb_image][\/et_pb_column][\/et_pb_row][et_pb_row _builder_version=&#8221;3.25&#8243; _i=&#8221;2&#8243; _address=&#8221;1.2&#8243;][et_pb_column type=&#8221;4_4&#8243; _builder_version=&#8221;3.25&#8243; custom_padding=&#8221;|||&#8221; _i=&#8221;0&#8243; _address=&#8221;1.2.0&#8243; custom_padding__hover=&#8221;|||&#8221;][et_pb_text _builder_version=&#8221;3.27.4&#8243; header_font=&#8221;||||||||&#8221; header_2_font=&#8221;||||||||&#8221; header_2_font_size_phone=&#8221;30px&#8221; header_2_font_size_last_edited=&#8221;on|phone&#8221; _i=&#8221;0&#8243; _address=&#8221;1.2.0.0&#8243;]<\/p>\n<h2><b>S\u00e9 bambino vs S\u00e9 maturo<\/b><\/h2>\n<p>[\/et_pb_text][\/et_pb_column][\/et_pb_row][et_pb_row module_class=&#8221; et_pb_row_fullwidth&#8221; _builder_version=&#8221;3.25&#8243; width=&#8221;89%&#8221; width_tablet=&#8221;80%&#8221; width_last_edited=&#8221;on|desktop&#8221; max_width=&#8221;89%&#8221; max_width_tablet=&#8221;80%&#8221; max_width_last_edited=&#8221;on|desktop&#8221; make_fullwidth=&#8221;on&#8221; _i=&#8221;3&#8243; _address=&#8221;1.3&#8243;][et_pb_column type=&#8221;4_4&#8243; _builder_version=&#8221;3.25&#8243; custom_padding=&#8221;|||&#8221; _i=&#8221;0&#8243; _address=&#8221;1.3.0&#8243; custom_padding__hover=&#8221;|||&#8221;][et_pb_text _builder_version=&#8221;3.27.4&#8243; _i=&#8221;0&#8243; _address=&#8221;1.3.0.0&#8243;]<\/p>\n<h3><b>Cosa sono diventato nella mia vita fino ad ora?<\/b><\/h3>\n<p><span style=\"font-weight: 400;\">\"Vivere nella paura\": questa sensazione ha permeato la mia infanzia. Da bambino avevo paura di parlare davanti a una folla, sudavo, il mio viso diventava rosso quando mi parlavano.<\/span><\/p>\n<p><span style=\"font-weight: 400;\">Oggi ho un profondo desiderio di farlo e mi piace \"esibirmi\" per un gruppo pi\u00f9 piccolo o pi\u00f9 grande. Quasi ogni giorno incontro persone e inizio una conversazione.<\/span><\/p>\n<p><span style=\"font-weight: 400;\">Da bambina ricordo che non sapevo scrivere o esprimermi bene. Oggi, uno dei piaceri della scrittura \u00e8 condividere i miei sentimenti e i miei pensieri. Gestisco un blog e ho scritto per diverse riviste (HR&amp;Psychology, Juhh\u00e9, Women's Changers, Femcaf\u00e9 ecc.).<\/span><\/p>\n<p><span style=\"font-weight: 400;\">Da bambina mi sentivo spesso sola, mi sembrava di non avere amici... Era come se nessuno mi capisse. Ho provato, ho provato a compiacere la mia famiglia, i miei insegnanti, i miei compagni di classe, ecc... Oggi ho deciso che non voglio compiacere nessuno se non me stesso. Il viaggio della vita \u00e8 come il percorso di un autobus o di un treno... alcuni salgono, altri scendono e altri ancora risalgono dopo un po'. Pu\u00f2 anche capitare di avere dei compagni di viaggio che restano con te. Io sono cos\u00ec con le persone.... vengono, vanno, restano. Ma io rimango nel mio viaggio perch\u00e9 ho attinto il coraggio da dentro di me.<\/span><\/p>\n<p>[\/et_pb_text][\/et_pb_column][\/et_pb_row][et_pb_row _builder_version=&#8221;3.25&#8243; _i=&#8221;4&#8243; _address=&#8221;1.4&#8243;][et_pb_column type=&#8221;4_4&#8243; _builder_version=&#8221;3.25&#8243; custom_padding=&#8221;|||&#8221; _i=&#8221;0&#8243; _address=&#8221;1.4.0&#8243; custom_padding__hover=&#8221;|||&#8221;][et_pb_text _builder_version=&#8221;3.27.4&#8243; header_font=&#8221;||||||||&#8221; header_2_font=&#8221;||||||||&#8221; header_2_font_size_phone=&#8221;30px&#8221; header_2_font_size_last_edited=&#8221;on|phone&#8221; _i=&#8221;0&#8243; _address=&#8221;1.4.0.0&#8243;]<\/p>\n<h2><b>Che tipo di vita volete per voi e per vostro figlio?<\/b><\/h2>\n<p>[\/et_pb_text][\/et_pb_column][\/et_pb_row][et_pb_row column_structure=&#8221;3_5,2_5&#8243; module_class=&#8221; et_pb_row_fullwidth&#8221; _builder_version=&#8221;3.25&#8243; width=&#8221;89%&#8221; width_tablet=&#8221;80%&#8221; width_last_edited=&#8221;on|desktop&#8221; max_width=&#8221;89%&#8221; max_width_tablet=&#8221;80%&#8221; max_width_last_edited=&#8221;on|desktop&#8221; custom_padding=&#8221;27px|0px|0|0px|false|false&#8221; make_fullwidth=&#8221;on&#8221; _i=&#8221;5&#8243; _address=&#8221;1.5&#8243;][et_pb_column type=&#8221;3_5&#8243; _builder_version=&#8221;3.25&#8243; custom_padding=&#8221;|||&#8221; _i=&#8221;0&#8243; _address=&#8221;1.5.0&#8243; custom_padding__hover=&#8221;|||&#8221;][et_pb_text _builder_version=&#8221;3.27.4&#8243; _i=&#8221;0&#8243; _address=&#8221;1.5.0.0&#8243;]<\/p>\n<p><span style=\"font-weight: 400;\">La cosa pi\u00f9 semplice che avrei potuto fare era lasciare tutto com'era. Avrei potuto intraprendere un percorso di vita che probabilmente oggi mi avrebbe lasciato disoccupato, nel migliore dei casi un insegnante di lingua italiana costretto a riqualificarsi.<\/span><\/p>\n<p><span style=\"font-weight: 400;\">Ma per curiosit\u00e0, da bambino ho letto libri di best-seller, esoterici. Certo, non \u00e8 stato il modo per portarmi sulla strada che sto percorrendo ora, ma ovviamente ha avuto un'influenza. Perch\u00e9 \u00e8 iniziato qualcosa, un modo diverso di vedere le cose.<\/span><\/p>\n<p><span style=\"font-weight: 400;\">Vivere nella paura o trovare il coraggio?  Liberi di pensare! Vorrei sottolineare che la via pi\u00f9 facile non \u00e8 sempre la pi\u00f9 facile. Ma non \u00e8 nemmeno necessario andare avanti da soli. Si pu\u00f2, ad esempio, trovare un mentore, <a href=\"\/it\/coaching\/\">allenatore-t<\/a>Oppure si possono frequentare corsi di formazione, conferenze o iniziare a leggere libri di auto-aiuto. <br \/>L'importante \u00e8 iniziare e chiedere aiuto se ne avete bisogno, anche a me!<\/span><\/p>\n<p>[\/et_pb_text][\/et_pb_column][et_pb_column type=&#8221;2_5&#8243; _builder_version=&#8221;3.25&#8243; custom_padding=&#8221;|||&#8221; _i=&#8221;1&#8243; _address=&#8221;1.5.1&#8243; custom_padding__hover=&#8221;|||&#8221;][et_pb_image src=&#8221;https:\/\/titanillaeideh.com\/wp-content\/uploads\/szabad-gondolkodni.jpg&#8221; _builder_version=&#8221;3.27.4&#8243; max_width=&#8221;50%&#8221; _i=&#8221;0&#8243; _address=&#8221;1.5.1.0&#8243;][\/et_pb_image][\/et_pb_column][\/et_pb_row][\/et_pb_section][et_pb_section fb_built=&#8221;1&#8243; _builder_version=&#8221;3.27.4&#8243; fb_built=&#8221;1&#8243; _i=&#8221;2&#8243; _address=&#8221;2&#8243;][et_pb_row _builder_version=&#8221;3.27.4&#8243; _i=&#8221;0&#8243; _address=&#8221;2.0&#8243;][et_pb_column type=&#8221;4_4&#8243; _builder_version=&#8221;3.27.4&#8243; _i=&#8221;0&#8243; _address=&#8221;2.0.0&#8243;][et_pb_post_nav in_same_term=&#8221;on&#8221; _builder_version=&#8221;3.27.4&#8243; title_font=&#8221;|800|||||||&#8221; background_color=&#8221;#cf9f51&#8243; _i=&#8221;0&#8243; _address=&#8221;2.0.0.0&#8243;][\/et_pb_post_nav][\/et_pb_column][\/et_pb_row][et_pb_row _builder_version=&#8221;3.27.4&#8243; _i=&#8221;1&#8243; _address=&#8221;2.1&#8243;][et_pb_column type=&#8221;4_4&#8243; _builder_version=&#8221;3.27.4&#8243; _i=&#8221;0&#8243; _address=&#8221;2.1.0&#8243;][et_pb_text _builder_version=&#8221;3.27.4&#8243; text_font_size=&#8221;30px&#8221; _i=&#8221;0&#8243; _address=&#8221;2.1.0.0&#8243;]<\/p>\n<blockquote>\n<p><strong>Altri articoli su questo tema:<\/strong><\/p>\n<\/blockquote>\n<p>[\/et_pb_text][\/et_pb_column][\/et_pb_row][et_pb_row _builder_version=&#8221;3.27.4&#8243; _i=&#8221;2&#8243; _address=&#8221;2.2&#8243;][et_pb_column type=&#8221;4_4&#8243; _builder_version=&#8221;3.27.4&#8243; _i=&#8221;0&#8243; _address=&#8221;2.2.0&#8243;][et_pb_blog fullwidth=&#8221;off&#8221; include_categories=&#8221;current&#8221; show_thumbnail=&#8221;off&#8221; _builder_version=&#8221;3.27.4&#8243; hover_enabled=&#8221;0&#8243; _i=&#8221;0&#8243; _address=&#8221;2.2.0.0&#8243; body_font_size=&#8221;15px&#8221;][\/et_pb_blog][\/et_pb_column][\/et_pb_row][\/et_pb_section]<\/p>","protected":false},"excerpt":{"rendered":"<p>D\u00f6ntened kell az \u00e9letedben!Sz\u00e1mos \u00e9letet\u00fat l\u00e9tezik. Nincsen j\u00f3 vagy rossz \u00fatvonal. A Te d\u00f6nt\u00e9sed, hogy f\u00e9lelemben \u00e9lsz, vagy b\u00e1tors\u00e1got mer\u00edtesz, \u00e9s tov\u00e1bb l\u00e9psz egy olyan \u00e9letedbe, ahol \u00f6nmagad lehetsz. Ki gondolta volna, hogy abb\u00f3l az engedelmes kisl\u00e1nyb\u00f3l 30 \u00e9v ut\u00e1n pont az ellenkez\u0151je lesz, mint amit a k\u00f6rnyezet tartott r\u00f3la? Visszagondolva neh\u00e9z gyerekkorom volt, \u00e9s [&hellip;]<\/p>","protected":false},"author":3,"featured_media":2830,"comment_status":"closed","ping_status":"open","sticky":false,"template":"","format":"standard","meta":{"_et_pb_use_builder":"on","_et_pb_old_content":"","_et_gb_content_width":"","footnotes":""},"categories":[11],"tags":[],"class_list":["post-2829","post","type-post","status-publish","format-standard","has-post-thumbnail","hentry","category-onismeret"],"yoast_head":"<!-- This site is optimized with the Yoast SEO plugin v27.1.1 - https:\/\/yoast.com\/product\/yoast-seo-wordpress\/ -->\n<title>F\u00e9lelemben \u00e9lni vagy b\u00e1tors\u00e1got mer\u00edteni? | Titanilla Eideh<\/title>\n<meta name=\"description\" content=\"F\u00e9lelemben \u00e9lni, vagy b\u00e1tors\u00e1got mer\u00edteni - a Te d\u00f6nt\u00e9sed. De k\u00e9rd\u00e9s, hogyan tudsz kil\u00e9pni a gyerekkori hiedelmekb\u0151l, melyek megb\u00e9kly\u00f3znak...\" \/>\n<meta name=\"robots\" content=\"index, follow, max-snippet:-1, max-image-preview:large, max-video-preview:-1\" \/>\n<link rel=\"canonical\" href=\"https:\/\/titanillaeideh.com\/it\/vivere-nella-paura-o-prendere-un-batorsag\/\" \/>\n<meta property=\"og:locale\" content=\"it_IT\" \/>\n<meta property=\"og:type\" content=\"article\" \/>\n<meta property=\"og:title\" content=\"F\u00e9lelemben \u00e9lni vagy b\u00e1tors\u00e1got mer\u00edteni? D\u00f6ntened kell az \u00e9letedben!\" \/>\n<meta property=\"og:description\" content=\"F\u00e9lelemben \u00e9lni, vagy b\u00e1tors\u00e1got mer\u00edteni - a Te d\u00f6nt\u00e9sed. De k\u00e9rd\u00e9s, hogyan tudsz kil\u00e9pni a gyerekkori hiedelmekb\u0151l, melyek megb\u00e9kly\u00f3znak...\" \/>\n<meta property=\"og:url\" content=\"https:\/\/titanillaeideh.com\/it\/vivere-nella-paura-o-prendere-un-batorsag\/\" \/>\n<meta property=\"og:site_name\" content=\"Titanilla Eideh\" \/>\n<meta property=\"article:published_time\" content=\"2019-09-23T11:30:49+00:00\" \/>\n<meta property=\"article:modified_time\" content=\"2019-09-23T12:30:13+00:00\" \/>\n<meta property=\"og:image\" content=\"https:\/\/titanillaeideh.com\/wp-content\/uploads\/batran-elni.jpg\" \/>\n\t<meta property=\"og:image:width\" content=\"1280\" \/>\n\t<meta property=\"og:image:height\" content=\"853\" \/>\n\t<meta property=\"og:image:type\" content=\"image\/jpeg\" \/>\n<meta name=\"author\" content=\"Eideh Titanilla\" \/>\n<meta name=\"twitter:card\" content=\"summary_large_image\" \/>\n<meta name=\"twitter:label1\" content=\"Scritto da\" \/>\n\t<meta name=\"twitter:data1\" content=\"Eideh Titanilla\" \/>\n\t<meta name=\"twitter:label2\" content=\"Tempo di lettura stimato\" \/>\n\t<meta name=\"twitter:data2\" content=\"7 minuti\" \/>\n<script type=\"application\/ld+json\" class=\"yoast-schema-graph\">{\"@context\":\"https:\/\/schema.org\",\"@graph\":[{\"@type\":\"Article\",\"@id\":\"https:\/\/titanillaeideh.com\/felelemben-elni-vagy-batorsagot-meriteni\/#article\",\"isPartOf\":{\"@id\":\"https:\/\/titanillaeideh.com\/felelemben-elni-vagy-batorsagot-meriteni\/\"},\"author\":{\"name\":\"Eideh Titanilla\",\"@id\":\"https:\/\/titanillaeideh.com\/#\/schema\/person\/3a6082ce6b4aa7e2fc1c9e09a1588a2a\"},\"headline\":\"F\u00e9lelemben \u00e9lni vagy b\u00e1tors\u00e1got mer\u00edteni?\",\"datePublished\":\"2019-09-23T11:30:49+00:00\",\"dateModified\":\"2019-09-23T12:30:13+00:00\",\"mainEntityOfPage\":{\"@id\":\"https:\/\/titanillaeideh.com\/felelemben-elni-vagy-batorsagot-meriteni\/\"},\"wordCount\":1379,\"publisher\":{\"@id\":\"https:\/\/titanillaeideh.com\/#\/schema\/person\/3a6082ce6b4aa7e2fc1c9e09a1588a2a\"},\"image\":{\"@id\":\"https:\/\/titanillaeideh.com\/felelemben-elni-vagy-batorsagot-meriteni\/#primaryimage\"},\"thumbnailUrl\":\"https:\/\/titanillaeideh.com\/wp-content\/uploads\/batran-elni.jpg\",\"articleSection\":[\"\u00d6nismeret\"],\"inLanguage\":\"it-IT\"},{\"@type\":\"WebPage\",\"@id\":\"https:\/\/titanillaeideh.com\/felelemben-elni-vagy-batorsagot-meriteni\/\",\"url\":\"https:\/\/titanillaeideh.com\/felelemben-elni-vagy-batorsagot-meriteni\/\",\"name\":\"F\u00e9lelemben \u00e9lni vagy b\u00e1tors\u00e1got mer\u00edteni? | Titanilla Eideh\",\"isPartOf\":{\"@id\":\"https:\/\/titanillaeideh.com\/#website\"},\"primaryImageOfPage\":{\"@id\":\"https:\/\/titanillaeideh.com\/felelemben-elni-vagy-batorsagot-meriteni\/#primaryimage\"},\"image\":{\"@id\":\"https:\/\/titanillaeideh.com\/felelemben-elni-vagy-batorsagot-meriteni\/#primaryimage\"},\"thumbnailUrl\":\"https:\/\/titanillaeideh.com\/wp-content\/uploads\/batran-elni.jpg\",\"datePublished\":\"2019-09-23T11:30:49+00:00\",\"dateModified\":\"2019-09-23T12:30:13+00:00\",\"description\":\"F\u00e9lelemben \u00e9lni, vagy b\u00e1tors\u00e1got mer\u00edteni - a Te d\u00f6nt\u00e9sed. De k\u00e9rd\u00e9s, hogyan tudsz kil\u00e9pni a gyerekkori hiedelmekb\u0151l, melyek megb\u00e9kly\u00f3znak...\",\"breadcrumb\":{\"@id\":\"https:\/\/titanillaeideh.com\/felelemben-elni-vagy-batorsagot-meriteni\/#breadcrumb\"},\"inLanguage\":\"it-IT\",\"potentialAction\":[{\"@type\":\"ReadAction\",\"target\":[\"https:\/\/titanillaeideh.com\/felelemben-elni-vagy-batorsagot-meriteni\/\"]}]},{\"@type\":\"ImageObject\",\"inLanguage\":\"it-IT\",\"@id\":\"https:\/\/titanillaeideh.com\/felelemben-elni-vagy-batorsagot-meriteni\/#primaryimage\",\"url\":\"https:\/\/titanillaeideh.com\/wp-content\/uploads\/batran-elni.jpg\",\"contentUrl\":\"https:\/\/titanillaeideh.com\/wp-content\/uploads\/batran-elni.jpg\",\"width\":1280,\"height\":853,\"caption\":\"batran elni\"},{\"@type\":\"BreadcrumbList\",\"@id\":\"https:\/\/titanillaeideh.com\/felelemben-elni-vagy-batorsagot-meriteni\/#breadcrumb\",\"itemListElement\":[{\"@type\":\"ListItem\",\"position\":1,\"name\":\"Home\",\"item\":\"https:\/\/titanillaeideh.com\/\"},{\"@type\":\"ListItem\",\"position\":2,\"name\":\"F\u00e9lelemben \u00e9lni vagy b\u00e1tors\u00e1got mer\u00edteni?\"}]},{\"@type\":\"WebSite\",\"@id\":\"https:\/\/titanillaeideh.com\/#website\",\"url\":\"https:\/\/titanillaeideh.com\/\",\"name\":\"Titanilla Eideh\",\"description\":\"Sch\u00fcssler s\u00f3k, integr\u00e1l coaching, tr\u00e9ningek, spiritualit\u00e1s\",\"publisher\":{\"@id\":\"https:\/\/titanillaeideh.com\/#\/schema\/person\/3a6082ce6b4aa7e2fc1c9e09a1588a2a\"},\"potentialAction\":[{\"@type\":\"SearchAction\",\"target\":{\"@type\":\"EntryPoint\",\"urlTemplate\":\"https:\/\/titanillaeideh.com\/?s={search_term_string}\"},\"query-input\":{\"@type\":\"PropertyValueSpecification\",\"valueRequired\":true,\"valueName\":\"search_term_string\"}}],\"inLanguage\":\"it-IT\"},{\"@type\":[\"Person\",\"Organization\"],\"@id\":\"https:\/\/titanillaeideh.com\/#\/schema\/person\/3a6082ce6b4aa7e2fc1c9e09a1588a2a\",\"name\":\"Eideh Titanilla\",\"image\":{\"@type\":\"ImageObject\",\"inLanguage\":\"it-IT\",\"@id\":\"https:\/\/titanillaeideh.com\/#\/schema\/person\/image\/\",\"url\":\"https:\/\/secure.gravatar.com\/avatar\/5313cc31c079db4a9c35c765d583e4baec7e37200590f4177bb2e208b451bbeb?s=96&d=mm&r=g\",\"contentUrl\":\"https:\/\/secure.gravatar.com\/avatar\/5313cc31c079db4a9c35c765d583e4baec7e37200590f4177bb2e208b451bbeb?s=96&d=mm&r=g\",\"caption\":\"Eideh Titanilla\"},\"logo\":{\"@id\":\"https:\/\/titanillaeideh.com\/#\/schema\/person\/image\/\"},\"url\":\"https:\/\/titanillaeideh.com\/it\/author\/zsuzsi\/\"}]}<\/script>\n<!-- \/ Yoast SEO plugin. -->","yoast_head_json":{"title":"Vivere nella paura o trovare il coraggio? | Titanilla Eideh","description":"Vivere nella paura o trovare il coraggio: la scelta \u00e8 vostra. Ma la domanda \u00e8: come potete liberarvi dalle convinzioni infantili che vi incatenano...","robots":{"index":"index","follow":"follow","max-snippet":"max-snippet:-1","max-image-preview":"max-image-preview:large","max-video-preview":"max-video-preview:-1"},"canonical":"https:\/\/titanillaeideh.com\/it\/vivere-nella-paura-o-prendere-un-batorsag\/","og_locale":"it_IT","og_type":"article","og_title":"F\u00e9lelemben \u00e9lni vagy b\u00e1tors\u00e1got mer\u00edteni? D\u00f6ntened kell az \u00e9letedben!","og_description":"F\u00e9lelemben \u00e9lni, vagy b\u00e1tors\u00e1got mer\u00edteni - a Te d\u00f6nt\u00e9sed. De k\u00e9rd\u00e9s, hogyan tudsz kil\u00e9pni a gyerekkori hiedelmekb\u0151l, melyek megb\u00e9kly\u00f3znak...","og_url":"https:\/\/titanillaeideh.com\/it\/vivere-nella-paura-o-prendere-un-batorsag\/","og_site_name":"Titanilla Eideh","article_published_time":"2019-09-23T11:30:49+00:00","article_modified_time":"2019-09-23T12:30:13+00:00","og_image":[{"width":1280,"height":853,"url":"https:\/\/titanillaeideh.com\/wp-content\/uploads\/batran-elni.jpg","type":"image\/jpeg"}],"author":"Eideh Titanilla","twitter_card":"summary_large_image","twitter_misc":{"Scritto da":"Eideh Titanilla","Tempo di lettura stimato":"7 minuti"},"schema":{"@context":"https:\/\/schema.org","@graph":[{"@type":"Article","@id":"https:\/\/titanillaeideh.com\/felelemben-elni-vagy-batorsagot-meriteni\/#article","isPartOf":{"@id":"https:\/\/titanillaeideh.com\/felelemben-elni-vagy-batorsagot-meriteni\/"},"author":{"name":"Eideh Titanilla","@id":"https:\/\/titanillaeideh.com\/#\/schema\/person\/3a6082ce6b4aa7e2fc1c9e09a1588a2a"},"headline":"F\u00e9lelemben \u00e9lni vagy b\u00e1tors\u00e1got mer\u00edteni?","datePublished":"2019-09-23T11:30:49+00:00","dateModified":"2019-09-23T12:30:13+00:00","mainEntityOfPage":{"@id":"https:\/\/titanillaeideh.com\/felelemben-elni-vagy-batorsagot-meriteni\/"},"wordCount":1379,"publisher":{"@id":"https:\/\/titanillaeideh.com\/#\/schema\/person\/3a6082ce6b4aa7e2fc1c9e09a1588a2a"},"image":{"@id":"https:\/\/titanillaeideh.com\/felelemben-elni-vagy-batorsagot-meriteni\/#primaryimage"},"thumbnailUrl":"https:\/\/titanillaeideh.com\/wp-content\/uploads\/batran-elni.jpg","articleSection":["\u00d6nismeret"],"inLanguage":"it-IT"},{"@type":"WebPage","@id":"https:\/\/titanillaeideh.com\/felelemben-elni-vagy-batorsagot-meriteni\/","url":"https:\/\/titanillaeideh.com\/felelemben-elni-vagy-batorsagot-meriteni\/","name":"Vivere nella paura o trovare il coraggio? | Titanilla Eideh","isPartOf":{"@id":"https:\/\/titanillaeideh.com\/#website"},"primaryImageOfPage":{"@id":"https:\/\/titanillaeideh.com\/felelemben-elni-vagy-batorsagot-meriteni\/#primaryimage"},"image":{"@id":"https:\/\/titanillaeideh.com\/felelemben-elni-vagy-batorsagot-meriteni\/#primaryimage"},"thumbnailUrl":"https:\/\/titanillaeideh.com\/wp-content\/uploads\/batran-elni.jpg","datePublished":"2019-09-23T11:30:49+00:00","dateModified":"2019-09-23T12:30:13+00:00","description":"Vivere nella paura o trovare il coraggio: la scelta \u00e8 vostra. Ma la domanda \u00e8: come potete liberarvi dalle convinzioni infantili che vi incatenano...","breadcrumb":{"@id":"https:\/\/titanillaeideh.com\/felelemben-elni-vagy-batorsagot-meriteni\/#breadcrumb"},"inLanguage":"it-IT","potentialAction":[{"@type":"ReadAction","target":["https:\/\/titanillaeideh.com\/felelemben-elni-vagy-batorsagot-meriteni\/"]}]},{"@type":"ImageObject","inLanguage":"it-IT","@id":"https:\/\/titanillaeideh.com\/felelemben-elni-vagy-batorsagot-meriteni\/#primaryimage","url":"https:\/\/titanillaeideh.com\/wp-content\/uploads\/batran-elni.jpg","contentUrl":"https:\/\/titanillaeideh.com\/wp-content\/uploads\/batran-elni.jpg","width":1280,"height":853,"caption":"batran elni"},{"@type":"BreadcrumbList","@id":"https:\/\/titanillaeideh.com\/felelemben-elni-vagy-batorsagot-meriteni\/#breadcrumb","itemListElement":[{"@type":"ListItem","position":1,"name":"Home","item":"https:\/\/titanillaeideh.com\/"},{"@type":"ListItem","position":2,"name":"F\u00e9lelemben \u00e9lni vagy b\u00e1tors\u00e1got mer\u00edteni?"}]},{"@type":"WebSite","@id":"https:\/\/titanillaeideh.com\/#website","url":"https:\/\/titanillaeideh.com\/","name":"Titanilla Eideh","description":"Sali di Sch\u00fcssler, coaching integrale, formazione, spiritualit\u00e0","publisher":{"@id":"https:\/\/titanillaeideh.com\/#\/schema\/person\/3a6082ce6b4aa7e2fc1c9e09a1588a2a"},"potentialAction":[{"@type":"SearchAction","target":{"@type":"EntryPoint","urlTemplate":"https:\/\/titanillaeideh.com\/?s={search_term_string}"},"query-input":{"@type":"PropertyValueSpecification","valueRequired":true,"valueName":"search_term_string"}}],"inLanguage":"it-IT"},{"@type":["Person","Organization"],"@id":"https:\/\/titanillaeideh.com\/#\/schema\/person\/3a6082ce6b4aa7e2fc1c9e09a1588a2a","name":"Eideh Titanilla","image":{"@type":"ImageObject","inLanguage":"it-IT","@id":"https:\/\/titanillaeideh.com\/#\/schema\/person\/image\/","url":"https:\/\/secure.gravatar.com\/avatar\/5313cc31c079db4a9c35c765d583e4baec7e37200590f4177bb2e208b451bbeb?s=96&d=mm&r=g","contentUrl":"https:\/\/secure.gravatar.com\/avatar\/5313cc31c079db4a9c35c765d583e4baec7e37200590f4177bb2e208b451bbeb?s=96&d=mm&r=g","caption":"Eideh Titanilla"},"logo":{"@id":"https:\/\/titanillaeideh.com\/#\/schema\/person\/image\/"},"url":"https:\/\/titanillaeideh.com\/it\/author\/zsuzsi\/"}]}},"_links":{"self":[{"href":"https:\/\/titanillaeideh.com\/it\/wp-json\/wp\/v2\/posts\/2829","targetHints":{"allow":["GET"]}}],"collection":[{"href":"https:\/\/titanillaeideh.com\/it\/wp-json\/wp\/v2\/posts"}],"about":[{"href":"https:\/\/titanillaeideh.com\/it\/wp-json\/wp\/v2\/types\/post"}],"author":[{"embeddable":true,"href":"https:\/\/titanillaeideh.com\/it\/wp-json\/wp\/v2\/users\/3"}],"replies":[{"embeddable":true,"href":"https:\/\/titanillaeideh.com\/it\/wp-json\/wp\/v2\/comments?post=2829"}],"version-history":[{"count":0,"href":"https:\/\/titanillaeideh.com\/it\/wp-json\/wp\/v2\/posts\/2829\/revisions"}],"wp:featuredmedia":[{"embeddable":true,"href":"https:\/\/titanillaeideh.com\/it\/wp-json\/wp\/v2\/media\/2830"}],"wp:attachment":[{"href":"https:\/\/titanillaeideh.com\/it\/wp-json\/wp\/v2\/media?parent=2829"}],"wp:term":[{"taxonomy":"category","embeddable":true,"href":"https:\/\/titanillaeideh.com\/it\/wp-json\/wp\/v2\/categories?post=2829"},{"taxonomy":"post_tag","embeddable":true,"href":"https:\/\/titanillaeideh.com\/it\/wp-json\/wp\/v2\/tags?post=2829"}],"curies":[{"name":"wp","href":"https:\/\/api.w.org\/{rel}","templated":true}]}}