{"id":1993,"date":"2019-05-09T20:03:48","date_gmt":"2019-05-09T20:03:48","guid":{"rendered":"https:\/\/titanillaeideh.com\/?p=1993"},"modified":"2019-05-09T21:58:33","modified_gmt":"2019-05-09T21:58:33","slug":"conoscenza-delle-persone","status":"publish","type":"post","link":"https:\/\/titanillaeideh.com\/it\/conoscenza-delle-persone\/","title":{"rendered":"Consapevolezza di s\u00e9 e delle persone: concentrarsi sul profitto!"},"content":{"rendered":"<p>[et_pb_section fb_built=&#8221;1&#8243; _builder_version=&#8221;3.19.15&#8243; custom_margin=&#8221;0px||0px&#8221; custom_padding=&#8221;0px||&#8221;][et_pb_row make_fullwidth=&#8221;on&#8221; use_custom_gutter=&#8221;on&#8221; gutter_width=&#8221;1&#8243; custom_padding=&#8221;0|0px|27px|0px|false|false&#8221; _builder_version=&#8221;3.19.15&#8243;][et_pb_column type=&#8221;4_4&#8243; _builder_version=&#8221;3.19.15&#8243;][et_pb_post_title date=&#8221;off&#8221; comments=&#8221;off&#8221; featured_placement=&#8221;background&#8221; text_color=&#8221;light&#8221; _builder_version=&#8221;3.19.15&#8243; title_font=&#8221;||||||||&#8221; title_font_size=&#8221;50px&#8221; title_line_height=&#8221;1.6em&#8221; title_text_shadow_style=&#8221;preset1&#8243; meta_font=&#8221;||||||||&#8221; meta_font_size=&#8221;25px&#8221; meta_line_height=&#8221;1.6em&#8221; custom_margin=&#8221;||&#8221; custom_padding=&#8221;150px||100px&#8221; hover_enabled=&#8221;0&#8243; title_font_size_last_edited=&#8221;on|phone&#8221; title_font_size_phone=&#8221;36px&#8221; meta_font_size_last_edited=&#8221;on|desktop&#8221; meta_font_size_phone=&#8221;20px&#8221;][\/et_pb_post_title][\/et_pb_column][\/et_pb_row][\/et_pb_section][et_pb_section fb_built=&#8221;1&#8243; _builder_version=&#8221;3.19.15&#8243;][et_pb_row _builder_version=&#8221;3.19.15&#8243;][et_pb_column type=&#8221;4_4&#8243; _builder_version=&#8221;3.19.15&#8243;][et_pb_text _builder_version=&#8221;3.19.15&#8243; header_font=&#8221;||||||||&#8221; header_2_font=&#8221;||||||||&#8221; header_2_font_size_last_edited=&#8221;on|desktop&#8221; header_2_font_size_phone=&#8221;30px&#8221;]<\/p>\n<h2><span>\"L'anima dell'azienda \u00e8 la forza lavoro\" - [basato sull'autoconsapevolezza].<\/span><\/h2>\n<p>[\/et_pb_text][\/et_pb_column][\/et_pb_row][et_pb_row make_fullwidth=&#8221;on&#8221; _builder_version=&#8221;3.19.15&#8243;][et_pb_column type=&#8221;3_5&#8243; _builder_version=&#8221;3.19.15&#8243;][et_pb_text _builder_version=&#8221;3.19.15&#8243; text_font=&#8221;||||||||&#8221; quote_font=&#8221;||||||||&#8221;]<\/p>\n<p><i style=\"font-size: 18px; color: #666666; font-family: 'Open Sans', Helvetica, Arial, Lucida, sans-serif;\">\"Alcuni colleghi non capiscono quello che dico... Non mi sento pi\u00f9 a mio agio qui, voglio cambiare. Non sopporto la mancanza di comprensione a livello collegiale\".<\/i><\/p>\n<p><span style=\"font-weight: 400;\">Le parole di amarezza e di mancanza di scopo di Stephen risuonano ancora nelle mie orecchie. Istv\u00e1n \u00e8 il direttore responsabile della divisione ungherese di un'azienda internazionale con pi\u00f9 di 1000 dipendenti. A livello regionale, aveva quasi 40 persone alle sue dipendenze. In 6 anni ha costruito una bella carriera all'interno del gruppo. \u00c8 un leader molto capace, che sotto la sua guida ha incrementato i profitti dell'azienda di 42% insieme al suo team. Ma ultimamente i progressi si sono arrestati, infatti...<\/span><\/p>\n<p><span style=\"font-weight: 400;\"><br \/> <\/span><span style=\"font-weight: 400;\">In linea di principio <\/span><b>tutto \u00e8 al suo posto per un'organizzazione ben funzionante, eppure c'\u00e8 insoddisfazione<\/b><span style=\"font-weight: 400;\">. Mancano relazioni di qualit\u00e0 e il riconoscimento dei valori a livello individuale e aziendale.<\/span><\/p>\n<p>[\/et_pb_text][\/et_pb_column][et_pb_column type=&#8221;2_5&#8243; _builder_version=&#8221;3.19.15&#8243;][et_pb_image src=&#8221;https:\/\/titanillaeideh.com\/wp-content\/uploads\/onismeret-emberismeret2.jpg&#8221; _builder_version=&#8221;3.19.15&#8243; custom_margin=&#8221;||&#8221;][\/et_pb_image][\/et_pb_column][\/et_pb_row][et_pb_row _builder_version=&#8221;3.19.15&#8243;][et_pb_column type=&#8221;4_4&#8243; _builder_version=&#8221;3.19.15&#8243;][et_pb_text _builder_version=&#8221;3.19.15&#8243; hover_enabled=&#8221;0&#8243; header_font=&#8221;||||||||&#8221; header_2_font=&#8221;||||||||&#8221; header_2_font_size_last_edited=&#8221;on|phone&#8221; header_2_font_size_phone=&#8221;30px&#8221;]<\/p>\n<h2><span>Fase 1: Autoconsapevolezza - Esplorare i valori intellettuali, mentali ed emotivi<\/span><\/h2>\n<p>[\/et_pb_text][\/et_pb_column][\/et_pb_row][et_pb_row make_fullwidth=&#8221;on&#8221; _builder_version=&#8221;3.19.15&#8243;][et_pb_column type=&#8221;1_3&#8243; _builder_version=&#8221;3.19.15&#8243;][et_pb_image src=&#8221;https:\/\/titanillaeideh.com\/wp-content\/uploads\/onismeret-emberismeret3.jpg&#8221; _builder_version=&#8221;3.19.15&#8243;][\/et_pb_image][\/et_pb_column][et_pb_column type=&#8221;2_3&#8243; _builder_version=&#8221;3.19.15&#8243;][et_pb_text _builder_version=&#8221;3.19.15&#8243;]<\/p>\n<p>Istv\u00e1n mi ha contattato per chiedermi un lavoro <b style=\"font-size: 18px; color: #666666; font-family: 'Open Sans', Helvetica, Arial, Lucida, sans-serif;\">passare a<\/b><span style=\"font-size: 18px; color: #666666; font-family: 'Open Sans', Helvetica, Arial, Lucida, sans-serif;\">Cos\u00ec abbiamo iniziato con il programma Career Coach. In seguito, dopo aver risolto i problemi personali di Istvan, siamo passati a \"L'anima dell'azienda \u00e8 la forza lavoro\". Cos\u00ec come guidiamo il bambino verso la strada giusta per diventare un adulto felice e contento, ci sono molti momenti in cui \u00e8 necessario rendere il manager consapevole dei suoi valori e delle sue capacit\u00e0, in modo che possa trovare forza nella sua \"solitudine\" e possa librarsi in volo con disinvoltura. In famiglia sono i genitori i cosiddetti leader, in azienda sono i decisori che devono \"guidare\".<\/span><\/p>\n<p><span style=\"font-size: 18px; color: #666666; font-family: 'Open Sans', Helvetica, Arial, Lucida, sans-serif;\"> Un'azienda o un'impresa \u00e8 l'immagine speculare dei suoi dirigenti.<\/span><span style=\"font-weight: 400;\"><\/span><\/p>\n<blockquote>\n<p><span style=\"font-size: 18px;\">Il metodo consiste nell'ascoltare i problemi di fondo nelle parole dell'oratore e nel rispondere ad essi. <\/span><b style=\"font-size: 18px;\">ci concentriamo sulle vere cause<\/b><span style=\"font-size: 18px;\">.<\/span><\/p>\n<\/blockquote>\n<p><span style=\"font-size: 18px;\">Istv\u00e1n \u00e8 venuto da me poco entusiasta, demotivato: \"Sono sempre incompreso...\". <br \/>Anche la sua squadra si \u00e8 sfaldata. Un nuovo lavoro sembrava l'unica soluzione alla sua situazione disperata.<\/span><\/p>\n<p><span style=\"font-weight: 400;\">Come poteva capire i suoi colleghi o loro capire Stephen se non riusciva a spiegare esattamente cosa non andava, ma solo dove faceva male? \u00a0<br \/>Stephen \u00e8 sufficiente <\/span><b>\u00e8 stato BUTOR a chiedere aiuto<\/b><span style=\"font-weight: 400;\">.<\/span><\/p>\n<p>[\/et_pb_text][\/et_pb_column][\/et_pb_row][et_pb_row make_fullwidth=&#8221;on&#8221; _builder_version=&#8221;3.19.15&#8243;][et_pb_column type=&#8221;4_4&#8243; _builder_version=&#8221;3.19.15&#8243;][et_pb_text _builder_version=&#8221;3.19.15&#8243;]<\/p>\n<p><span><strong>Abbiamo esaminato le vostre competenze, abilit\u00e0 e capacit\u00e0 principali<\/strong> abbiamo utilizzato un pacchetto di test online ed esercizi personalizzati per aumentare la motivazione intrinseca e l'entusiasmo. I risultati del test parlavano da soli: Istvan aveva bisogno di miglioramenti dal punto di vista emotivo, mostrava un'immagine introversa, che era meno favorevole per le sue specifiche mansioni lavorative: sviluppo del business, gestione delle risorse umane.<br \/>In effetti, secondo la mia esperienza, Istvan \u00e8 una persona assolutamente aperta, ma <strong>il vostro stato emotivo vi ha reso chiusi in voi stessi, i vostri fallimenti introversi<\/strong>.<\/span><\/p>\n<p>[\/et_pb_text][\/et_pb_column][\/et_pb_row][et_pb_row _builder_version=&#8221;3.19.15&#8243;][et_pb_column type=&#8221;4_4&#8243; _builder_version=&#8221;3.19.15&#8243;][et_pb_text _builder_version=&#8221;3.19.15&#8243; hover_enabled=&#8221;0&#8243; header_font=&#8221;||||||||&#8221; header_2_font=&#8221;||||||||&#8221; header_2_font_size_last_edited=&#8221;on|phone&#8221; header_2_font_size_phone=&#8221;30px&#8221;]<\/p>\n<h2><span style=\"font-weight: 400;\">Fase 2: Immagine positiva per la chiarezza<\/span><\/h2>\n<p>[\/et_pb_text][\/et_pb_column][\/et_pb_row][et_pb_row make_fullwidth=&#8221;on&#8221; _builder_version=&#8221;3.19.15&#8243;][et_pb_column type=&#8221;4_4&#8243; _builder_version=&#8221;3.19.15&#8243;][et_pb_text _builder_version=&#8221;3.19.15&#8243;]<\/p>\n<p><span style=\"font-weight: 400;\">Il secondo passo dopo la diagnosi \u00e8 la \"cura\". Uscito da uno stato di apatia e indifferenza, Stephen inizi\u00f2 a sentirsi pi\u00f9 fiducioso. <br \/>Anche altre convinzioni e ossessioni ostacolavano Stephen, che sono venute a galla durante la nostra seconda conversazione. <strong>Si \u00e8 aggrappato alla poltrona di guida, alla ricchezza materiale, preoccupato che tutto possa scivolare via...<\/strong>. <\/span><\/p>\n<blockquote>\n<p><span style=\"font-weight: 400;\">La paura di perdere \u00e8 un ostacolo molto grande alla performance. <\/span><\/p>\n<\/blockquote>\n<p><span style=\"font-weight: 400;\">Paura, ossessioni - seguendo gli insegnamenti del Dr. D. Hawkins, del Dr. Mih\u00e1ly Cs\u00edkszentmih\u00e1lyi: Good Business, etc. - abbiamo iniziato a \"spazzare via\". Se ci liberiamo delle cose inutili, possiamo fare spazio alle potenzialit\u00e0 che sono gi\u00e0 dentro di noi.<\/span><\/p>\n<p><span style=\"font-weight: 400;\">Ovviamente, possiamo prendere decisioni migliori in meno tempo se abbiamo davanti a noi il minor numero possibile di cose. Questo \u00e8 esattamente il senso dello \"sweeping\".<\/span><\/p>\n<p>[\/et_pb_text][\/et_pb_column][\/et_pb_row][et_pb_row _builder_version=&#8221;3.19.15&#8243;][et_pb_column type=&#8221;4_4&#8243; _builder_version=&#8221;3.19.15&#8243;][et_pb_text _builder_version=&#8221;3.19.15&#8243; hover_enabled=&#8221;0&#8243; header_font=&#8221;||||||||&#8221; header_2_font=&#8221;||||||||&#8221; header_2_font_size_last_edited=&#8221;on|phone&#8221; header_2_font_size_phone=&#8221;30px&#8221;]<\/p>\n<h2><span style=\"font-weight: 400;\">Fase 3: obiettivo - attuazione - benefici<\/span><\/h2>\n<p>[\/et_pb_text][\/et_pb_column][\/et_pb_row][et_pb_row make_fullwidth=&#8221;on&#8221; custom_padding=&#8221;27px|0px|0|0px|false|false&#8221; _builder_version=&#8221;3.19.15&#8243;][et_pb_column type=&#8221;3_5&#8243; _builder_version=&#8221;3.19.15&#8243;][et_pb_text _builder_version=&#8221;3.19.15&#8243;]<\/p>\n<p><span style=\"font-weight: 400;\">Istv\u00e1n voleva trasformarsi da manager a leader che viene seguito. <\/span><b>Vedeva il raggiungimento del suo obiettivo in una forza lavoro efficiente.<\/b><span style=\"font-weight: 400;\"> Ha riconosciuto la necessit\u00e0 di sviluppare le attuali figure chiave nello stesso modo in cui aveva fatto lui e di inserire nuovo personale. \u00c8 stato in grado di vedere chiaramente la necessit\u00e0 di un collega con il suo stesso spirito e la sua stessa qualit\u00e0.<\/span><\/p>\n<p><span style=\"font-weight: 400;\">Una persona snervata e frustrata ha trovato la fonte del benessere nell'essenza del processo \"L'anima dell'azienda \u00e8 la forza lavoro\".<\/span><\/p>\n<p><span style=\"font-weight: 400;\">Come fase di implementazione, ho sfruttato la mia esperienza nel settore delle risorse umane per contribuire alla stesura del profilo del potenziale dipendente e alla creazione di un annuncio di lavoro senza fronzoli e in grado di creare un marchio, in cui il nostro target si riconoscesse. <\/span><span style=\"font-weight: 400;\"><br \/><\/span><span style=\"font-weight: 400;\">Questo ha ridotto il tempo che Istv\u00e1n ha dovuto dedicare alla selezione. <\/span><\/p>\n<p><span style=\"font-weight: 400;\"><\/span><\/p>\n<p>[\/et_pb_text][\/et_pb_column][et_pb_column type=&#8221;2_5&#8243; _builder_version=&#8221;3.19.15&#8243;][et_pb_image src=&#8221;https:\/\/titanillaeideh.com\/wp-content\/uploads\/onismeret-emberismeret-celkituzes.jpg&#8221; _builder_version=&#8221;3.19.15&#8243; custom_padding=&#8221;30px||&#8221;][\/et_pb_image][\/et_pb_column][\/et_pb_row][et_pb_row make_fullwidth=&#8221;on&#8221; custom_padding=&#8221;0|0px|27px|0px|false|false&#8221; _builder_version=&#8221;3.19.15&#8243;][et_pb_column type=&#8221;4_4&#8243; _builder_version=&#8221;3.19.15&#8243;][et_pb_text _builder_version=&#8221;3.19.15&#8243;]<\/p>\n<p><span>Un ulteriore vantaggio \u00e8 che ha voluto utilizzare la conoscenza pratica del nostro lavoro insieme, i suoi processi di apprendimento e sviluppo, per sviluppare le sue persone migliori. <\/span><\/p>\n<p><span>Al termine di questa fase, Istv\u00e1n, con nuovi obiettivi e piani, si occuper\u00e0 di<\/span><b> impostare una strategia da implementare<\/b><span>.<\/span><\/p>\n<p>[\/et_pb_text][\/et_pb_column][\/et_pb_row][et_pb_row _builder_version=&#8221;3.19.15&#8243;][et_pb_column type=&#8221;4_4&#8243; _builder_version=&#8221;3.19.15&#8243;][et_pb_text _builder_version=&#8221;3.19.15&#8243; hover_enabled=&#8221;0&#8243; header_font=&#8221;||||||||&#8221; header_2_font=&#8221;||||||||&#8221; header_2_font_size_last_edited=&#8221;on|phone&#8221; header_2_font_size_phone=&#8221;30px&#8221;]<\/p>\n<h2><span style=\"font-weight: 400;\">Fase 4: Potenziatori umani<\/span><\/h2>\n<p>[\/et_pb_text][\/et_pb_column][\/et_pb_row][et_pb_row make_fullwidth=&#8221;on&#8221; custom_padding=&#8221;27px|0px|2px|0px|false|false&#8221; _builder_version=&#8221;3.19.15&#8243;][et_pb_column type=&#8221;3_5&#8243; _builder_version=&#8221;3.19.15&#8243;][et_pb_text _builder_version=&#8221;3.19.15&#8243;]<\/p>\n<blockquote>\n<p><span style=\"font-weight: 400;\">Il dottor Mih\u00e1ly Cs\u00edkszentmih\u00e1lyi \u00e8 dell'opinione che <\/span><b>un'azienda pu\u00f2 avere successo se la visione del leader \u00e8 quella di un progresso sociale e motiva la forza lavoro ad agire.<\/b><\/p>\n<\/blockquote>\n<p><span style=\"font-weight: 400;\">Sulla base di quanto sopra, Istv\u00e1n ha selezionato 6 dipendenti, che sono stati consultati di persona e hanno completato un pacchetto di test di competenza online. Il risultato \u00e8 che 2 dei 6 colleghi presentavano un problema cardinale.<\/span><\/p>\n<p><span style=\"font-weight: 400;\"><\/span><\/p>\n<p>[\/et_pb_text][\/et_pb_column][et_pb_column type=&#8221;2_5&#8243; _builder_version=&#8221;3.19.15&#8243;][et_pb_image src=&#8221;https:\/\/titanillaeideh.com\/wp-content\/uploads\/onismeret-emberismeret-hat\u00e1s.jpg&#8221; _builder_version=&#8221;3.19.15&#8243; max_width=&#8221;62%&#8221;][\/et_pb_image][\/et_pb_column][\/et_pb_row][et_pb_row make_fullwidth=&#8221;on&#8221; custom_padding=&#8221;2px|0px|27px|0px|false|false&#8221; _builder_version=&#8221;3.19.15&#8243;][et_pb_column type=&#8221;4_4&#8243; _builder_version=&#8221;3.19.15&#8243;][et_pb_text ul_type=&#8221;square&#8221; ul_position=&#8221;inside&#8221; ul_item_indent=&#8221;50px&#8221; _builder_version=&#8221;3.19.15&#8243; text_font=&#8221;||||||||&#8221; ul_font=&#8221;||||||||&#8221; ul_line_height=&#8221;1.8em&#8221; hover_enabled=&#8221;0&#8243; ul_font_size_last_edited=&#8221;on|phone&#8221; ul_font_size_phone=&#8221;16px&#8221;]<\/p>\n<ul>\n<li><span>Charles non stava svolgendo un lavoro che poteva fare con il cuore e l'anima, quindi non era abbastanza efficace. La soluzione \u00e8 stata quella di spostarlo in un altro lavoro. Secondo la mia esperienza, tutti dovrebbero, per quanto possibile, lavorare con entusiasmo ed eccellenza in quello che fanno.<\/span><\/li>\n<\/ul>\n<p>&nbsp;<\/p>\n<ul>\n<li>Il caso di Francis \u00e8 molto pi\u00f9 complesso del precedente. La sua motivazione e i suoi risultati sono diminuiti drasticamente negli ultimi tempi. Come valutatore, le sue capacit\u00e0 sono abbastanza buone anche secondo il test di competenza. <strong>Ma perch\u00e9 non funziona cos\u00ec? Qual \u00e8 il motivo della mancanza di motivazione?<\/strong> Dalla nostra prima conversazione ho concluso che qualcosa in sottofondo ostacolava le sue prestazioni. <br \/>Nel suo caso, si trattava di un problema familiare, con scarsa attenzione alla figlia adolescente, che stava per scegliere una carriera. L'adolescenza \u00e8 uno dei momenti pi\u00f9 difficili per le famiglie di oggi. Il nostro programma per adolescenti aiuta nell'orientamento professionale, guidando il giusto percorso professionale. Abbiamo anche inserito la figlia di un collega nel modulo di autoconsapevolezza dell'orientamento professionale del programma TiniTrenD.<span style=\"font-size: 18px;\"><br \/> <\/span><b><i>Una mano d'aiuto<\/i><\/b><span> verso Francis, applicando gli insegnamenti di Gary Chapman: \"I 5 linguaggi del riconoscimento sul posto di lavoro\". In questo modo, Stephen ha trattenuto un altro buon dipendente e lo ha motivato a ottenere maggiori prestazioni.<\/span><\/li>\n<\/ul>\n<p>[\/et_pb_text][\/et_pb_column][\/et_pb_row][et_pb_row _builder_version=&#8221;3.19.15&#8243;][et_pb_column type=&#8221;4_4&#8243; _builder_version=&#8221;3.19.15&#8243;][et_pb_text _builder_version=&#8221;3.19.15&#8243; hover_enabled=&#8221;0&#8243; header_font=&#8221;||||||||&#8221; header_2_font=&#8221;||||||||&#8221; header_2_font_size_last_edited=&#8221;on|phone&#8221; header_2_font_size_phone=&#8221;30px&#8221;]<\/p>\n<h2><span style=\"font-weight: 400;\">Fase 5: Risultati - i benefici dello sviluppo da entrambe le parti<\/span><\/h2>\n<p>[\/et_pb_text][\/et_pb_column][\/et_pb_row][et_pb_row custom_padding=&#8221;27px|0px|13px|0px|false|false&#8221; _builder_version=&#8221;3.19.15&#8243; border_width_bottom=&#8221;-1px&#8221;][et_pb_column type=&#8221;1_2&#8243; _builder_version=&#8221;3.19.15&#8243;][et_pb_text _builder_version=&#8221;3.19.15&#8243;]<\/p>\n<p style=\"text-align: center;\"><b>Vantaggi a livello aziendale<\/b><\/p>\n<p>[\/et_pb_text][et_pb_text _builder_version=&#8221;3.19.15&#8243;]<\/p>\n<ul>\n<li><span style=\"font-weight: 400;\">Abbiamo mantenuto il leader, sviluppo economico positivo (esperto, buon leader)<\/span><\/li>\n<\/ul>\n<p>[\/et_pb_text][et_pb_text _builder_version=&#8221;3.19.15&#8243;]<\/p>\n<ul>\n<li><span style=\"font-weight: 400;\">Due lavoratori sono stati mantenuti e il turnover \u00e8 stato escluso. La consultazione ha aumentato significativamente la loro efficienza.<\/span><\/li>\n<\/ul>\n<p>[\/et_pb_text][et_pb_text _builder_version=&#8221;3.19.15&#8243;]<\/p>\n<ul>\n<li><span style=\"font-weight: 400;\">La selezione del nuovo personale \u00e8 stata rapida e di successo, e dopo 3 mesi sta svolgendo il proprio lavoro in modo efficiente.<\/span><\/li>\n<\/ul>\n<p>[\/et_pb_text][\/et_pb_column][et_pb_column type=&#8221;1_2&#8243; _builder_version=&#8221;3.19.15&#8243;][et_pb_text _builder_version=&#8221;3.19.15&#8243;]<\/p>\n<p style=\"text-align: center;\"><b>Benefici a livello individuale<\/b><\/p>\n<p>[\/et_pb_text][et_pb_text _builder_version=&#8221;3.19.15&#8243;]<\/p>\n<ul>\n<li><span style=\"font-weight: 400;\">Poich\u00e9 il leader pu\u00f2 identificarsi con la visione dell'azienda, diventa pi\u00f9 facilmente un buon LEADER in un terreno familiare e conosciuto.<\/span><\/li>\n<\/ul>\n<p>[\/et_pb_text][et_pb_text _builder_version=&#8221;3.19.15&#8243;]<\/p>\n<ul>\n<li><span style=\"font-weight: 400;\">Lavorano in una posizione adatta alle loro capacit\u00e0 e l'asse lavoro-famiglia \u00e8 equilibrato.<\/span><\/li>\n<\/ul>\n<p>[\/et_pb_text][et_pb_text _builder_version=&#8221;3.19.15&#8243;]<\/p>\n<ul>\n<li><span style=\"font-weight: 400;\">Il nuovo dipendente viene inserito in un ambiente in cui si sente a proprio agio e pu\u00f2 continuare a svilupparsi.<\/span><\/li>\n<\/ul>\n<p>[\/et_pb_text][\/et_pb_column][\/et_pb_row][et_pb_row make_fullwidth=&#8221;on&#8221; custom_padding=&#8221;0|0px|27px|0px|false|false&#8221; _builder_version=&#8221;3.19.15&#8243;][et_pb_column type=&#8221;4_4&#8243; _builder_version=&#8221;3.19.15&#8243;][et_pb_text _builder_version=&#8221;3.19.15&#8243; hover_enabled=&#8221;0&#8243; text_font=&#8221;||||||||&#8221; text_font_size_last_edited=&#8221;on|phone&#8221; text_font_size_phone=&#8221;16px&#8221;]<\/p>\n<blockquote>\n<p><span style=\"font-weight: 400;\">A livello individuale e aziendale, essere in grado di <strong>vedere il senso delle cose,<\/strong> scoprire le vere forze trainanti. Quando tutti sono a posto a livello individuale, un'organizzazione pu\u00f2 prosperare. Questo \u00e8 un dato di fatto per tutte le aziende. In molti casi, il <strong>la mancanza di riconoscimento causa il declino dell'azienda<\/strong>. <\/span><\/p>\n<\/blockquote>\n<p>Il concetto e gli strumenti del Career Coach, \"L'anima dell'azienda \u00e8 la forza lavoro\" e Tinitrend <strong>una soluzione per ridurre il turnover, individuare nuovo personale, creare un ambiente di lavoro piacevole e, in ultima analisi, ottenere un ritorno sull'investimento a lungo termine.<\/strong>.<\/p>\n<p>[\/et_pb_text][\/et_pb_column][\/et_pb_row][\/et_pb_section]<\/p>","protected":false},"excerpt":{"rendered":"<p>\u201eA c\u00e9g lelke a munkaer\u0151\u201d &#8211; [alapja az \u00f6nismeret] \u201eEgyszer\u0171en nem \u00e9rtik egyes koll\u00e9g\u00e1k, amit mondok\u2026 Nem \u00e9rzem m\u00e1r j\u00f3l magam itt, v\u00e1ltani szeretn\u00e9k. Nem b\u00edrom elviselni az \u00e9rthetetlens\u00e9get kollegi\u00e1lis szinten.\u201d M\u00e9g ma is a f\u00fclembe csengenek Istv\u00e1n keser\u0171s\u00e9gr\u0151l \u00e9s c\u00e9ltalans\u00e1gr\u00f3l \u00e1rulkod\u00f3 szavai. Istv\u00e1n egy t\u00f6bb mint 1000 f\u0151s nemzetk\u00f6zi v\u00e1llalat Magyarorsz\u00e1gi r\u00e9szleg\u00e9nek felel\u0151s vezet\u0151je. [&hellip;]<\/p>","protected":false},"author":3,"featured_media":1994,"comment_status":"closed","ping_status":"open","sticky":false,"template":"","format":"standard","meta":{"_et_pb_use_builder":"on","_et_pb_old_content":"","_et_gb_content_width":"","footnotes":""},"categories":[6,11],"tags":[],"class_list":["post-1993","post","type-post","status-publish","format-standard","has-post-thumbnail","hentry","category-ceg","category-onismeret"],"yoast_head":"<!-- This site is optimized with the Yoast SEO plugin v27.1.1 - https:\/\/yoast.com\/product\/yoast-seo-wordpress\/ -->\n<title>\u00d6nismeret \u00e9s emberismeret: f\u00f3kuszban a haszon! | Titanilla Eideh<\/title>\n<meta name=\"description\" content=\"Az \u00f6nismeret \u00e9s az emberismeret egym\u00e1sra \u00e9p\u00fclnek. Az emberismert alapja, hogy \u00f6nmagunkat igaz\u00e1n ismerj\u00fck. Olvasd el, hogyan f\u00fcgg ez \u00f6ssze a haszonnal!\" \/>\n<meta name=\"robots\" content=\"index, follow, max-snippet:-1, max-image-preview:large, max-video-preview:-1\" \/>\n<link rel=\"canonical\" href=\"https:\/\/titanillaeideh.com\/it\/conoscenza-delle-persone\/\" \/>\n<meta property=\"og:locale\" content=\"it_IT\" \/>\n<meta property=\"og:type\" content=\"article\" \/>\n<meta property=\"og:title\" content=\"\u00d6nismeret \u00e9s emberismeret - f\u00f3kuszban a haszon!\" \/>\n<meta property=\"og:description\" content=\"Az \u00f6nismeret \u00e9s az emberismeret egym\u00e1sra \u00e9p\u00fclnek. Az emberismert alapja, hogy \u00f6nmagunkat igaz\u00e1n ismerj\u00fck. Olvasd el, hogyan f\u00fcgg ez \u00f6ssze a haszonnal!\" \/>\n<meta property=\"og:url\" content=\"https:\/\/titanillaeideh.com\/it\/conoscenza-delle-persone\/\" \/>\n<meta property=\"og:site_name\" content=\"Titanilla Eideh\" \/>\n<meta property=\"article:published_time\" content=\"2019-05-09T20:03:48+00:00\" \/>\n<meta property=\"article:modified_time\" content=\"2019-05-09T21:58:33+00:00\" \/>\n<meta property=\"og:image\" content=\"https:\/\/titanillaeideh.com\/wp-content\/uploads\/onismeret-emberismeret.jpg\" \/>\n\t<meta property=\"og:image:width\" content=\"1280\" \/>\n\t<meta property=\"og:image:height\" content=\"822\" \/>\n\t<meta property=\"og:image:type\" content=\"image\/jpeg\" \/>\n<meta name=\"author\" content=\"Eideh Titanilla\" \/>\n<meta name=\"twitter:card\" content=\"summary_large_image\" \/>\n<meta name=\"twitter:label1\" content=\"Scritto da\" \/>\n\t<meta name=\"twitter:data1\" content=\"Eideh Titanilla\" \/>\n\t<meta name=\"twitter:label2\" content=\"Tempo di lettura stimato\" \/>\n\t<meta name=\"twitter:data2\" content=\"13 minuti\" \/>\n<script type=\"application\/ld+json\" class=\"yoast-schema-graph\">{\"@context\":\"https:\/\/schema.org\",\"@graph\":[{\"@type\":\"Article\",\"@id\":\"https:\/\/titanillaeideh.com\/onismeret-emberismeret\/#article\",\"isPartOf\":{\"@id\":\"https:\/\/titanillaeideh.com\/onismeret-emberismeret\/\"},\"author\":{\"name\":\"Eideh Titanilla\",\"@id\":\"https:\/\/titanillaeideh.com\/#\/schema\/person\/3a6082ce6b4aa7e2fc1c9e09a1588a2a\"},\"headline\":\"\u00d6nismeret \u00e9s emberismeret: f\u00f3kuszban a haszon!\",\"datePublished\":\"2019-05-09T20:03:48+00:00\",\"dateModified\":\"2019-05-09T21:58:33+00:00\",\"mainEntityOfPage\":{\"@id\":\"https:\/\/titanillaeideh.com\/onismeret-emberismeret\/\"},\"wordCount\":2522,\"publisher\":{\"@id\":\"https:\/\/titanillaeideh.com\/#\/schema\/person\/3a6082ce6b4aa7e2fc1c9e09a1588a2a\"},\"image\":{\"@id\":\"https:\/\/titanillaeideh.com\/onismeret-emberismeret\/#primaryimage\"},\"thumbnailUrl\":\"https:\/\/titanillaeideh.com\/wp-content\/uploads\/onismeret-emberismeret.jpg\",\"articleSection\":[\"C\u00e9g\",\"\u00d6nismeret\"],\"inLanguage\":\"it-IT\"},{\"@type\":\"WebPage\",\"@id\":\"https:\/\/titanillaeideh.com\/onismeret-emberismeret\/\",\"url\":\"https:\/\/titanillaeideh.com\/onismeret-emberismeret\/\",\"name\":\"\u00d6nismeret \u00e9s emberismeret: f\u00f3kuszban a haszon! | Titanilla Eideh\",\"isPartOf\":{\"@id\":\"https:\/\/titanillaeideh.com\/#website\"},\"primaryImageOfPage\":{\"@id\":\"https:\/\/titanillaeideh.com\/onismeret-emberismeret\/#primaryimage\"},\"image\":{\"@id\":\"https:\/\/titanillaeideh.com\/onismeret-emberismeret\/#primaryimage\"},\"thumbnailUrl\":\"https:\/\/titanillaeideh.com\/wp-content\/uploads\/onismeret-emberismeret.jpg\",\"datePublished\":\"2019-05-09T20:03:48+00:00\",\"dateModified\":\"2019-05-09T21:58:33+00:00\",\"description\":\"Az \u00f6nismeret \u00e9s az emberismeret egym\u00e1sra \u00e9p\u00fclnek. Az emberismert alapja, hogy \u00f6nmagunkat igaz\u00e1n ismerj\u00fck. Olvasd el, hogyan f\u00fcgg ez \u00f6ssze a haszonnal!\",\"breadcrumb\":{\"@id\":\"https:\/\/titanillaeideh.com\/onismeret-emberismeret\/#breadcrumb\"},\"inLanguage\":\"it-IT\",\"potentialAction\":[{\"@type\":\"ReadAction\",\"target\":[\"https:\/\/titanillaeideh.com\/onismeret-emberismeret\/\"]}]},{\"@type\":\"ImageObject\",\"inLanguage\":\"it-IT\",\"@id\":\"https:\/\/titanillaeideh.com\/onismeret-emberismeret\/#primaryimage\",\"url\":\"https:\/\/titanillaeideh.com\/wp-content\/uploads\/onismeret-emberismeret.jpg\",\"contentUrl\":\"https:\/\/titanillaeideh.com\/wp-content\/uploads\/onismeret-emberismeret.jpg\",\"width\":1280,\"height\":822,\"caption\":\"onismeret, emberismeret\"},{\"@type\":\"BreadcrumbList\",\"@id\":\"https:\/\/titanillaeideh.com\/onismeret-emberismeret\/#breadcrumb\",\"itemListElement\":[{\"@type\":\"ListItem\",\"position\":1,\"name\":\"Home\",\"item\":\"https:\/\/titanillaeideh.com\/\"},{\"@type\":\"ListItem\",\"position\":2,\"name\":\"\u00d6nismeret \u00e9s emberismeret: f\u00f3kuszban a haszon!\"}]},{\"@type\":\"WebSite\",\"@id\":\"https:\/\/titanillaeideh.com\/#website\",\"url\":\"https:\/\/titanillaeideh.com\/\",\"name\":\"Titanilla Eideh\",\"description\":\"Sch\u00fcssler s\u00f3k, integr\u00e1l coaching, tr\u00e9ningek, spiritualit\u00e1s\",\"publisher\":{\"@id\":\"https:\/\/titanillaeideh.com\/#\/schema\/person\/3a6082ce6b4aa7e2fc1c9e09a1588a2a\"},\"potentialAction\":[{\"@type\":\"SearchAction\",\"target\":{\"@type\":\"EntryPoint\",\"urlTemplate\":\"https:\/\/titanillaeideh.com\/?s={search_term_string}\"},\"query-input\":{\"@type\":\"PropertyValueSpecification\",\"valueRequired\":true,\"valueName\":\"search_term_string\"}}],\"inLanguage\":\"it-IT\"},{\"@type\":[\"Person\",\"Organization\"],\"@id\":\"https:\/\/titanillaeideh.com\/#\/schema\/person\/3a6082ce6b4aa7e2fc1c9e09a1588a2a\",\"name\":\"Eideh Titanilla\",\"image\":{\"@type\":\"ImageObject\",\"inLanguage\":\"it-IT\",\"@id\":\"https:\/\/titanillaeideh.com\/#\/schema\/person\/image\/\",\"url\":\"https:\/\/secure.gravatar.com\/avatar\/5313cc31c079db4a9c35c765d583e4baec7e37200590f4177bb2e208b451bbeb?s=96&d=mm&r=g\",\"contentUrl\":\"https:\/\/secure.gravatar.com\/avatar\/5313cc31c079db4a9c35c765d583e4baec7e37200590f4177bb2e208b451bbeb?s=96&d=mm&r=g\",\"caption\":\"Eideh Titanilla\"},\"logo\":{\"@id\":\"https:\/\/titanillaeideh.com\/#\/schema\/person\/image\/\"},\"url\":\"https:\/\/titanillaeideh.com\/it\/author\/zsuzsi\/\"}]}<\/script>\n<!-- \/ Yoast SEO plugin. -->","yoast_head_json":{"title":"Consapevolezza di s\u00e9 e delle persone: focus sul profitto! | Titanilla Eideh","description":"La conoscenza di s\u00e9 e la conoscenza delle persone si basano l'una sull'altra. Conoscere se stessi \u00e8 la base per conoscere se stessi. Leggete come questo si collega al profitto!","robots":{"index":"index","follow":"follow","max-snippet":"max-snippet:-1","max-image-preview":"max-image-preview:large","max-video-preview":"max-video-preview:-1"},"canonical":"https:\/\/titanillaeideh.com\/it\/conoscenza-delle-persone\/","og_locale":"it_IT","og_type":"article","og_title":"\u00d6nismeret \u00e9s emberismeret - f\u00f3kuszban a haszon!","og_description":"Az \u00f6nismeret \u00e9s az emberismeret egym\u00e1sra \u00e9p\u00fclnek. Az emberismert alapja, hogy \u00f6nmagunkat igaz\u00e1n ismerj\u00fck. Olvasd el, hogyan f\u00fcgg ez \u00f6ssze a haszonnal!","og_url":"https:\/\/titanillaeideh.com\/it\/conoscenza-delle-persone\/","og_site_name":"Titanilla Eideh","article_published_time":"2019-05-09T20:03:48+00:00","article_modified_time":"2019-05-09T21:58:33+00:00","og_image":[{"width":1280,"height":822,"url":"https:\/\/titanillaeideh.com\/wp-content\/uploads\/onismeret-emberismeret.jpg","type":"image\/jpeg"}],"author":"Eideh Titanilla","twitter_card":"summary_large_image","twitter_misc":{"Scritto da":"Eideh Titanilla","Tempo di lettura stimato":"13 minuti"},"schema":{"@context":"https:\/\/schema.org","@graph":[{"@type":"Article","@id":"https:\/\/titanillaeideh.com\/onismeret-emberismeret\/#article","isPartOf":{"@id":"https:\/\/titanillaeideh.com\/onismeret-emberismeret\/"},"author":{"name":"Eideh Titanilla","@id":"https:\/\/titanillaeideh.com\/#\/schema\/person\/3a6082ce6b4aa7e2fc1c9e09a1588a2a"},"headline":"\u00d6nismeret \u00e9s emberismeret: f\u00f3kuszban a haszon!","datePublished":"2019-05-09T20:03:48+00:00","dateModified":"2019-05-09T21:58:33+00:00","mainEntityOfPage":{"@id":"https:\/\/titanillaeideh.com\/onismeret-emberismeret\/"},"wordCount":2522,"publisher":{"@id":"https:\/\/titanillaeideh.com\/#\/schema\/person\/3a6082ce6b4aa7e2fc1c9e09a1588a2a"},"image":{"@id":"https:\/\/titanillaeideh.com\/onismeret-emberismeret\/#primaryimage"},"thumbnailUrl":"https:\/\/titanillaeideh.com\/wp-content\/uploads\/onismeret-emberismeret.jpg","articleSection":["C\u00e9g","\u00d6nismeret"],"inLanguage":"it-IT"},{"@type":"WebPage","@id":"https:\/\/titanillaeideh.com\/onismeret-emberismeret\/","url":"https:\/\/titanillaeideh.com\/onismeret-emberismeret\/","name":"Consapevolezza di s\u00e9 e delle persone: focus sul profitto! | Titanilla Eideh","isPartOf":{"@id":"https:\/\/titanillaeideh.com\/#website"},"primaryImageOfPage":{"@id":"https:\/\/titanillaeideh.com\/onismeret-emberismeret\/#primaryimage"},"image":{"@id":"https:\/\/titanillaeideh.com\/onismeret-emberismeret\/#primaryimage"},"thumbnailUrl":"https:\/\/titanillaeideh.com\/wp-content\/uploads\/onismeret-emberismeret.jpg","datePublished":"2019-05-09T20:03:48+00:00","dateModified":"2019-05-09T21:58:33+00:00","description":"La conoscenza di s\u00e9 e la conoscenza delle persone si basano l'una sull'altra. Conoscere se stessi \u00e8 la base per conoscere se stessi. Leggete come questo si collega al profitto!","breadcrumb":{"@id":"https:\/\/titanillaeideh.com\/onismeret-emberismeret\/#breadcrumb"},"inLanguage":"it-IT","potentialAction":[{"@type":"ReadAction","target":["https:\/\/titanillaeideh.com\/onismeret-emberismeret\/"]}]},{"@type":"ImageObject","inLanguage":"it-IT","@id":"https:\/\/titanillaeideh.com\/onismeret-emberismeret\/#primaryimage","url":"https:\/\/titanillaeideh.com\/wp-content\/uploads\/onismeret-emberismeret.jpg","contentUrl":"https:\/\/titanillaeideh.com\/wp-content\/uploads\/onismeret-emberismeret.jpg","width":1280,"height":822,"caption":"onismeret, emberismeret"},{"@type":"BreadcrumbList","@id":"https:\/\/titanillaeideh.com\/onismeret-emberismeret\/#breadcrumb","itemListElement":[{"@type":"ListItem","position":1,"name":"Home","item":"https:\/\/titanillaeideh.com\/"},{"@type":"ListItem","position":2,"name":"\u00d6nismeret \u00e9s emberismeret: f\u00f3kuszban a haszon!"}]},{"@type":"WebSite","@id":"https:\/\/titanillaeideh.com\/#website","url":"https:\/\/titanillaeideh.com\/","name":"Titanilla Eideh","description":"Sali di Sch\u00fcssler, coaching integrale, formazione, spiritualit\u00e0","publisher":{"@id":"https:\/\/titanillaeideh.com\/#\/schema\/person\/3a6082ce6b4aa7e2fc1c9e09a1588a2a"},"potentialAction":[{"@type":"SearchAction","target":{"@type":"EntryPoint","urlTemplate":"https:\/\/titanillaeideh.com\/?s={search_term_string}"},"query-input":{"@type":"PropertyValueSpecification","valueRequired":true,"valueName":"search_term_string"}}],"inLanguage":"it-IT"},{"@type":["Person","Organization"],"@id":"https:\/\/titanillaeideh.com\/#\/schema\/person\/3a6082ce6b4aa7e2fc1c9e09a1588a2a","name":"Eideh Titanilla","image":{"@type":"ImageObject","inLanguage":"it-IT","@id":"https:\/\/titanillaeideh.com\/#\/schema\/person\/image\/","url":"https:\/\/secure.gravatar.com\/avatar\/5313cc31c079db4a9c35c765d583e4baec7e37200590f4177bb2e208b451bbeb?s=96&d=mm&r=g","contentUrl":"https:\/\/secure.gravatar.com\/avatar\/5313cc31c079db4a9c35c765d583e4baec7e37200590f4177bb2e208b451bbeb?s=96&d=mm&r=g","caption":"Eideh Titanilla"},"logo":{"@id":"https:\/\/titanillaeideh.com\/#\/schema\/person\/image\/"},"url":"https:\/\/titanillaeideh.com\/it\/author\/zsuzsi\/"}]}},"_links":{"self":[{"href":"https:\/\/titanillaeideh.com\/it\/wp-json\/wp\/v2\/posts\/1993","targetHints":{"allow":["GET"]}}],"collection":[{"href":"https:\/\/titanillaeideh.com\/it\/wp-json\/wp\/v2\/posts"}],"about":[{"href":"https:\/\/titanillaeideh.com\/it\/wp-json\/wp\/v2\/types\/post"}],"author":[{"embeddable":true,"href":"https:\/\/titanillaeideh.com\/it\/wp-json\/wp\/v2\/users\/3"}],"replies":[{"embeddable":true,"href":"https:\/\/titanillaeideh.com\/it\/wp-json\/wp\/v2\/comments?post=1993"}],"version-history":[{"count":0,"href":"https:\/\/titanillaeideh.com\/it\/wp-json\/wp\/v2\/posts\/1993\/revisions"}],"wp:featuredmedia":[{"embeddable":true,"href":"https:\/\/titanillaeideh.com\/it\/wp-json\/wp\/v2\/media\/1994"}],"wp:attachment":[{"href":"https:\/\/titanillaeideh.com\/it\/wp-json\/wp\/v2\/media?parent=1993"}],"wp:term":[{"taxonomy":"category","embeddable":true,"href":"https:\/\/titanillaeideh.com\/it\/wp-json\/wp\/v2\/categories?post=1993"},{"taxonomy":"post_tag","embeddable":true,"href":"https:\/\/titanillaeideh.com\/it\/wp-json\/wp\/v2\/tags?post=1993"}],"curies":[{"name":"wp","href":"https:\/\/api.w.org\/{rel}","templated":true}]}}