{"id":10946,"date":"2024-03-10T06:14:41","date_gmt":"2024-03-10T06:14:41","guid":{"rendered":"https:\/\/titanillaeideh.com\/?p=10946"},"modified":"2024-03-10T06:36:22","modified_gmt":"2024-03-10T06:36:22","slug":"primavera-megujulas-olistico-integrale-1-resz","status":"publish","type":"post","link":"https:\/\/titanillaeideh.com\/it\/primavera-megujulas-olistico-integrale-1-resz\/","title":{"rendered":"Rinnovamento primaverile in modo olistico e integrato Parte 1"},"content":{"rendered":"<p>[et_pb_section fb_built=&#8221;1&#8243; _builder_version=&#8221;4.16&#8243; custom_padding=&#8221;||1px|||&#8221; global_colors_info=&#8221;{}&#8221;][et_pb_row module_class=&#8221; et_pb_row_fullwidth&#8221; _builder_version=&#8221;4.19.0&#8243; width=&#8221;90%&#8221; width_tablet=&#8221;85%&#8221; width_phone=&#8221;85%&#8221; width_last_edited=&#8221;on|tablet&#8221; custom_margin_tablet=&#8221;&#8221; custom_margin_phone=&#8221;||||false|false&#8221; custom_margin_last_edited=&#8221;on|phone&#8221; custom_padding=&#8221;||3px|||&#8221; global_colors_info=&#8221;{}&#8221;][et_pb_column type=&#8221;4_4&#8243; _builder_version=&#8221;4.16&#8243; custom_padding=&#8221;||||false|false&#8221; global_colors_info=&#8221;{}&#8221;][et_pb_text _builder_version=&#8221;4.24.0&#8243; text_font=&#8221;||||||||&#8221; text_text_color=&#8221;#545454&#8243; link_text_color=&#8221;#6B3773&#8243; ul_line_height=&#8221;1.8em&#8221; ol_line_height=&#8221;1.6em&#8221; header_2_font=&#8221;Ubuntu|700|||||||&#8221; header_2_font_size=&#8221;35px&#8221; header_2_line_height=&#8221;1.2em&#8221; header_3_font=&#8221;Ubuntu||||||||&#8221; custom_padding=&#8221;4px|||6px||&#8221; header_2_font_size_tablet=&#8221;35px&#8221; header_2_font_size_phone=&#8221;25px&#8221; header_2_font_size_last_edited=&#8221;on|phone&#8221; global_colors_info=&#8221;{}&#8221;]<\/p>\n<h2><span style=\"font-weight: 400;\">Cosa dice la letteratura sulla disintossicazione primaverile?<\/span><\/h2>\n<h3><span style=\"font-weight: 400;\">La primavera \u00e8 qui, \u00e8 di nuovo qui...<\/span><\/h3>\n<p><span style=\"font-weight: 400;\">Sono nata in primavera, quindi mi sento pi\u00f9 energica soprattutto in questo periodo, poich\u00e9 geneticamente ho il maggior numero di esperienze di vita e di lavoro.<\/span><\/p>\n<p><span style=\"font-weight: 400;\">Ma molti scrittori e poeti scrivono anche del significato della primavera, che vale la pena di interpretare profondamente, non solo prestando attenzione ai colori e agli odori, sebbene anche il nostro odore corporeo stia subendo una trasformazione.<\/span><\/p>\n<p><span style=\"font-weight: 400;\">Diamo un'occhiata alla proposta di disintossicazione primaverile della letteratura ungherese!<\/span><\/p>\n<p><span style=\"font-weight: 400;\">Anche la poesia di Zolt\u00e1n Csord\u00e1s incoraggia la rinascita.<\/span><\/p>\n<p><span style=\"font-weight: 400;\">\"Siete parte integrante della natura.<\/span><\/p>\n<p><span style=\"font-weight: 400;\">Se rinasce, vivete con essa e in essa!<\/span><\/p>\n<p><span style=\"font-weight: 400;\">Non rimandare e non fallire<\/span><\/p>\n<p><span style=\"font-weight: 400;\">in primavera, in qualsiasi anno<\/span><\/p>\n<p><span style=\"font-weight: 400;\">i giorni, le ore, i minuti!<\/span><\/p>\n<p><span style=\"font-weight: 400;\">Perch\u00e9 con la natura,<\/span><\/p>\n<p><span style=\"font-weight: 400;\">ogni anno<\/span><\/p>\n<p><span style=\"font-weight: 400;\">Anche tu<\/span><\/p>\n<p><span style=\"font-weight: 400;\">puoi rinascere\".<\/span><\/p>\n<p><span style=\"font-weight: 400;\">\u00a0<\/span><\/p>\n<p><span style=\"font-weight: 400;\">Anche Endre Ady chiede un rinnovamento in primavera:<\/span><\/p>\n<p><span style=\"font-weight: 400;\">\"Oh, i tanti succhi della primavera,<\/span><span style=\"font-weight: 400;\"><br \/><\/span><span style=\"font-weight: 400;\">Accorrete con impeto.<\/span><\/p>\n<p><span style=\"font-weight: 400;\">Giovane, giovane, giovane di cuore\".<\/span><\/p>\n<p><span style=\"font-weight: 400;\">Possiamo scoprire il suo significato biologico nelle poesie, la necessit\u00e0 di purificare i fluidi del nostro corpo, l'acqua, il sangue, la linfa, etc...<\/span><\/p>\n<p><span style=\"font-weight: 400;\">\u00a0<\/span><\/p>\n<h3><span style=\"font-weight: 400;\">Perch\u00e9 si sviluppa un avvelenamento nell'organismo?<\/span><\/h3>\n<p><span style=\"font-weight: 400;\">Partiamo dall'inizio per capire e agire per il vostro detox primaverile.<\/span><\/p>\n<p><span style=\"font-weight: 400;\">L'epoca attuale ha pi\u00f9 o meno posto l'accento sulla scienza, sulla tecnologia, eppure l'atteso miracolo di un'umanit\u00e0 sana e in salute non \u00e8 arrivato, anzi, come scrive P\u00e9ter Popper in La morte dell'illusione, \u00e8 aumentato il numero di nevrosi, il numero di persone con disturbi mentali.<\/span><\/p>\n<p><span style=\"font-weight: 400;\">Si pu\u00f2 girare per qualsiasi paese del mondo e non trovare ancora una sola societ\u00e0 in cui ci sia un equilibrio completo, in cui ci sia abbondanza in termini di salute e di materiali.Quindi, che cosa ha ottenuto finora la sola tecnologia? Qualcosa, ma non la completezza, tutt'altro che la perfezione. <\/span><\/p>\n<h3><span style=\"font-weight: 400;\">La scienza-tecnologia che non ha risolto...<\/span><\/h3>\n<p><span style=\"font-weight: 400;\">P\u00e9ter Popper scrive anche che\u00a0<\/span><span style=\"font-weight: 400;\">la Terra \u00e8 fuori equilibrio: ricchezza e fame, aumento di malattie misteriose per le quali n\u00e9 la tecnologia n\u00e9 il progresso scientifico hanno trovato una soluzione.<\/span><\/p>\n<p><span style=\"font-weight: 400;\">La scienza \u00e8 il tentativo sistematico di comprendere e interpretare il mondo... il dilemma dell'uomo moderno \u00e8 quello di discernere ci\u00f2 che \u00e8 reale e ci\u00f2 che \u00e8 illusorio dal flusso costante di informazioni.<\/span><\/p>\n<p><span style=\"font-weight: 400;\">La scienza cambia sempre, la natura cambia sempre, basti pensare all'alternarsi delle stagioni, la tecnologia fa sempre nuove scoperte... <em><strong>\u00e8 una convinzione errata supporre che qualcosa sia costante se non dall'IO SONO, dall'esistenza.<\/strong><\/em><\/span><\/p>\n<blockquote>\n<p><span style=\"font-weight: 400;\">La base dell'esistenza \u00e8 il flusso in entrata e in uscita, il metabolismo. Se il metabolismo non funziona in modo ottimale, le tossine e i veleni rimangono nel corpo.<\/span><\/p>\n<\/blockquote>\n<p><span style=\"font-weight: 400;\">I veleni possono essere elementi tangibili e intangibili, sono i cosiddetti danni ambientali, i pensieri tossici, gli sguardi, i sentimenti, ecc... Il nostro corpo ottimizza l'avvelenamento per un po', ma quando le nostre cellule e i nostri organi sono sull'orlo del burnout, sentiamo di essere pi\u00f9 stanchi, pi\u00f9 tristi, pi\u00f9 umorali.<\/span><\/p>\n<p><span style=\"font-weight: 400;\">Nell'era dell'informazione, siamo sottoposti alla pressione del tumulto sociale e questo crea una mancanza di armonia, complicazioni, incomprensioni, dispute e conflitti interni-esterni che lacerano l'individuo e, in ultima analisi, la nostra societ\u00e0.<\/span><\/p>\n<h3><span style=\"font-weight: 400;\">Cosa c'\u00e8 di costante nel mondo?<\/span><\/h3>\n<p><span style=\"font-weight: 400;\">Chiunque sia abbastanza consapevole da agire con saggezza e vivere la propria vita, si render\u00e0 conto che tutta la conoscenza\/scienza umana \u00e8 solo un gonfiamento, una congettura, e ha sempre bisogno di un aggiustamento. Secondo il dottor David Hawkins, anche i cosiddetti fatti sono affermazioni provvisorie, perch\u00e9 i dati possono essere reinterpretati.<\/span><span style=\"font-weight: 400;\"><\/span><\/p>\n<p><span style=\"font-weight: 400;\">Le scoperte di 50, 100, 1000 anni fa sono ancora attuali?<\/span><\/p>\n<p><span style=\"font-weight: 400;\">Per niente...<strong>Tutto cambia, non c'\u00e8 costanza nel mondo esterno.<\/strong><\/span><\/p>\n<p><span style=\"font-weight: 400;\">E con il mondo interiore, quanto sono cambiati il cuore e le emozioni dell'uomo rispetto alle sue origini?<\/span><\/p>\n<p><span style=\"font-weight: 400;\">Il cuore umano, cos\u00ec come \u00e8 stato creato, svolge la stessa funzione?<\/span><\/p>\n<p><span style=\"font-weight: 400;\">S\u00cc,<\/span><\/p>\n<p><span style=\"font-weight: 400;\"><strong><span style=\"color: #ff0000;\">Esiste quindi solo un'area di perenne costanza nel mondo nello svolgimento delle funzioni dell'organismo.<\/span><\/strong>, il metabolismo, come la respirazione, la digestione, ecc. svolgono la stessa azione a tutte le et\u00e0. In poche parole, l'utile viene incorporato e il tossico viene eliminato, MA solo finch\u00e9 \u00e8 in grado di sopportare il carico.<\/span><\/p>\n<p><span style=\"font-weight: 400;\">Potete avere un assaggio della persistenza e del funzionamento dell'organizzazione dai miei articoli o di persona.<\/span><\/p>\n<p><span style=\"font-weight: 400;\">In primavera parler\u00f2 ancora di rigenerazione e riabilitazione di cellule e tessuti alla luce dei sali cellulari-tessuti del Dr. Sch\u00fcssler, guardando alla Medicina Tradizionale Cinese. <a href=\"https:\/\/rendezveny.akupunktura.com\/\">Evento di agopuntura colorata.<\/a><\/span><\/p>\n<p><span style=\"font-weight: 400;\">Molti guaritori parlano dei loro metodi, dell'importanza della moxa, della biorisonanza e del microbioma. Per quanto ne so, non esiste un singolo metodo o tecnica che ci renda perfetti dal punto di vista della salute, spirituale, mentale e fisica.<\/span><\/p>\n<p><span style=\"font-weight: 400;\">Per questo motivo, venite a godervi una serie di conferenze di qualit\u00e0 e di ospitalit\u00e0, che vi daranno l'opportunit\u00e0 di mettere a punto una terapia personalizzata e su misura.<\/span><\/p>\n<p><span style=\"font-weight: 400;\">Nel frattempo, seguite i miei articoli e siate i miei sostenitori, supportate i miei articoli educativi condividendo le vostre conoscenze ed esperienze con gli altri.<\/span><\/p>\n<p><span style=\"font-weight: 400;\">Nel prossimo articolo scriver\u00f2 di cosa potete fare per rinnovare le vostre pulizie di primavera. Vi parler\u00f2 di come il tratto intestinale sia collegato al cervello, responsabile di pensieri chiari e di lavorare in modo pi\u00f9 efficiente. Vi parler\u00f2 anche delle falsit\u00e0 della popolare rimozione dei metalli e della disintossicazione, e della giusta pulizia personalizzata.<\/span><\/p>\n<p>&nbsp;<\/p>\n<p><b>Anche voi potete essere abbastanza consapevoli da utilizzare il meglio della medicina occidentale e orientale, integrando le esperienze e i fatti migliori.<\/b><\/p>\n<blockquote>\n<p>Assicuratevi di segnare in agenda la giornata professionale, perch\u00e9 a maggio sar\u00e0 un evento molto diverso.<\/p>\n<\/blockquote>\n<p>Se desiderate conoscere altri metodi e avete voglia di partecipare a questo evento di alta qualit\u00e0, <a href=\"https:\/\/rendezveny.akupunktura.com\/cart\/\"><strong>candidatevi in anticipo qui.<\/strong><\/a><\/p>\n<p>&nbsp;<\/p>\n<p>&nbsp;<\/p>\n<p>[\/et_pb_text][et_pb_text _builder_version=\"4.16\u2033 custom_margin=\"||-5px|||\" global_colors_info=\"{}\"]<\/p>\n<p>Vi auguro una buona giornata,<br \/> <em>Titanilla<\/em><\/p>\n<p>[\/et_pb_text][\/et_pb_column][\/et_pb_row][\/et_pb_section][et_pb_section fb_built=\"1\u2033 _builder_version=\"4.16\u2033 global_colors_info=\"{}\"][et_pb_row module_class=\" et_pb_row_fullwidth\" _builder_version=\"4.16\u2033 width=\"90%\" width_tablet=\"85%\" width_phone=\"85%\" width_last_edited=\"on|tablet\" custom_margin_tablet=\"\" custom_margin_phone=\"||||false|false\" custom_margin_last_edited=\"on|phone\" custom_padding=\"||3px||||\" global_colors_info=\"{}\"][et_pb_column type=\"4_4\u2033 _builder_version=\"4.16\u2033 global_colors_info=\"{}\"][et_pb_text _builder_version=\"4.16\u2033 text_text_color=\"#6b3773\u2033 text_font_size=\"30px\" global_colors_info=\"{}\"]<\/p>\n<p><strong>Altri articoli su questo argomento<\/strong><\/p>\n<p>[\/et_pb_text][et_pb_blog fullwidth=\"off\" include_categories=\"current\" show_thumbnail=\"off\" show_author=\"off\" show_date=\"off\" show_categories=\"off\" use_overlay=\"on\" _builder_version=\"4.16\u2033 body_font=\"|300|||||||\" global_colors_info=\"{}\"][\/et_pb_blog][\/et_pb_column][\/et_pb_row][\/et_pb_section]<\/p>","protected":false},"excerpt":{"rendered":"<p>Mit mond az irodalom a tavaszi m\u00e9regtelen\u00edt\u00e9sr\u0151l? Itt a tavasz, itt van \u00fajra&#8230; Tavaszi sz\u00fclet\u00e9s\u00fa vagyok, \u00edgy k\u00fcl\u00f6n\u00f6sen ebben az id\u0151szakban \u00e9rzem magam a legenergikusabban, hiszen genetikailag is ebben van a legt\u00f6bb \u00e9let-\u00e9s munkatapasztalatom. De sz\u00e1mos \u00edr\u00f3, k\u00f6lt\u0151 is \u00edr a tavasz jelent\u0151s\u00e9g\u00e9r\u0151l, melyet \u00e9rdemes m\u00e9lyen \u00e9rtelmezni, nemcsak a sz\u00ednekre, illatokra figyelni, hab\u00e1r a testszagunk [&hellip;]<\/p>","protected":false},"author":2,"featured_media":10584,"comment_status":"closed","ping_status":"open","sticky":false,"template":"","format":"standard","meta":{"_et_pb_use_builder":"on","_et_pb_old_content":"","_et_gb_content_width":"793","footnotes":""},"categories":[35,40,19],"tags":[],"class_list":["post-10946","post","type-post","status-publish","format-standard","has-post-thumbnail","hentry","category-egeszsegfejlesztes","category-hko","category-schussler-so"],"yoast_head":"<!-- This site is optimized with the Yoast SEO plugin v27.1.1 - https:\/\/yoast.com\/product\/yoast-seo-wordpress\/ -->\n<title>Tavaszi meg\u00fajul\u00e1s holisztikusan, integr\u00e1ltan 1.r\u00e9sz | Titanilla Eideh<\/title>\n<meta name=\"description\" content=\"Gondolkozz j\u00f3zan \u00e9sszel, \u00e9s meg\u00e9rted, mi sz\u00fcks\u00e9ges, \u00e9s mi\u00e9rt a tavaszi m\u00e9regtelen\u00edt\u00e9shez a Keleti \u00e9s a Nyugat orvosl\u00e1s szerint.\" \/>\n<meta name=\"robots\" content=\"index, follow, max-snippet:-1, max-image-preview:large, max-video-preview:-1\" \/>\n<link rel=\"canonical\" href=\"https:\/\/titanillaeideh.com\/it\/primavera-megujulas-olistico-integrale-1-resz\/\" \/>\n<meta property=\"og:locale\" content=\"it_IT\" \/>\n<meta property=\"og:type\" content=\"article\" \/>\n<meta property=\"og:title\" content=\"Tavaszi meg\u00fajul\u00e1s holisztikusan, integr\u00e1ltan 1.r\u00e9sz | Titanilla Eideh\" \/>\n<meta property=\"og:description\" content=\"Gondolkozz j\u00f3zan \u00e9sszel, \u00e9s meg\u00e9rted, mi sz\u00fcks\u00e9ges, \u00e9s mi\u00e9rt a tavaszi m\u00e9regtelen\u00edt\u00e9shez a Keleti \u00e9s a Nyugat orvosl\u00e1s szerint.\" \/>\n<meta property=\"og:url\" content=\"https:\/\/titanillaeideh.com\/it\/primavera-megujulas-olistico-integrale-1-resz\/\" \/>\n<meta property=\"og:site_name\" content=\"Titanilla Eideh\" \/>\n<meta property=\"article:published_time\" content=\"2024-03-10T06:14:41+00:00\" \/>\n<meta property=\"article:modified_time\" content=\"2024-03-10T06:36:22+00:00\" \/>\n<meta property=\"og:image\" content=\"https:\/\/titanillaeideh.com\/wp-content\/uploads\/Szines-Akupunktura-XII-1024x682.png\" \/>\n\t<meta property=\"og:image:width\" content=\"1024\" \/>\n\t<meta property=\"og:image:height\" content=\"682\" \/>\n\t<meta property=\"og:image:type\" content=\"image\/png\" \/>\n<meta name=\"author\" content=\"Eideh Titanilla\" \/>\n<meta name=\"twitter:card\" content=\"summary_large_image\" \/>\n<meta name=\"twitter:label1\" content=\"Scritto da\" \/>\n\t<meta name=\"twitter:data1\" content=\"Eideh Titanilla\" \/>\n\t<meta name=\"twitter:label2\" content=\"Tempo di lettura stimato\" \/>\n\t<meta name=\"twitter:data2\" content=\"5 minuti\" \/>\n<script type=\"application\/ld+json\" class=\"yoast-schema-graph\">{\"@context\":\"https:\/\/schema.org\",\"@graph\":[{\"@type\":\"Article\",\"@id\":\"https:\/\/titanillaeideh.com\/tavaszi-megujulas-holisztikusan-integraltan-1-resz\/#article\",\"isPartOf\":{\"@id\":\"https:\/\/titanillaeideh.com\/tavaszi-megujulas-holisztikusan-integraltan-1-resz\/\"},\"author\":{\"name\":\"Eideh Titanilla\",\"@id\":\"https:\/\/titanillaeideh.com\/#\/schema\/person\/2736691f977bd561db978b7b76e8c073\"},\"headline\":\"Tavaszi meg\u00fajul\u00e1s holisztikusan, integr\u00e1ltan 1.r\u00e9sz\",\"datePublished\":\"2024-03-10T06:14:41+00:00\",\"dateModified\":\"2024-03-10T06:36:22+00:00\",\"mainEntityOfPage\":{\"@id\":\"https:\/\/titanillaeideh.com\/tavaszi-megujulas-holisztikusan-integraltan-1-resz\/\"},\"wordCount\":1518,\"publisher\":{\"@id\":\"https:\/\/titanillaeideh.com\/#\/schema\/person\/3a6082ce6b4aa7e2fc1c9e09a1588a2a\"},\"image\":{\"@id\":\"https:\/\/titanillaeideh.com\/tavaszi-megujulas-holisztikusan-integraltan-1-resz\/#primaryimage\"},\"thumbnailUrl\":\"https:\/\/titanillaeideh.com\/wp-content\/uploads\/Szines-Akupunktura-XII.png\",\"articleSection\":[\"Eg\u00e9szs\u00e9gfejleszt\u00e9s\",\"HKO\",\"Sch\u00fcssler s\u00f3\"],\"inLanguage\":\"it-IT\"},{\"@type\":\"WebPage\",\"@id\":\"https:\/\/titanillaeideh.com\/tavaszi-megujulas-holisztikusan-integraltan-1-resz\/\",\"url\":\"https:\/\/titanillaeideh.com\/tavaszi-megujulas-holisztikusan-integraltan-1-resz\/\",\"name\":\"Tavaszi meg\u00fajul\u00e1s holisztikusan, integr\u00e1ltan 1.r\u00e9sz | Titanilla Eideh\",\"isPartOf\":{\"@id\":\"https:\/\/titanillaeideh.com\/#website\"},\"primaryImageOfPage\":{\"@id\":\"https:\/\/titanillaeideh.com\/tavaszi-megujulas-holisztikusan-integraltan-1-resz\/#primaryimage\"},\"image\":{\"@id\":\"https:\/\/titanillaeideh.com\/tavaszi-megujulas-holisztikusan-integraltan-1-resz\/#primaryimage\"},\"thumbnailUrl\":\"https:\/\/titanillaeideh.com\/wp-content\/uploads\/Szines-Akupunktura-XII.png\",\"datePublished\":\"2024-03-10T06:14:41+00:00\",\"dateModified\":\"2024-03-10T06:36:22+00:00\",\"description\":\"Gondolkozz j\u00f3zan \u00e9sszel, \u00e9s meg\u00e9rted, mi sz\u00fcks\u00e9ges, \u00e9s mi\u00e9rt a tavaszi m\u00e9regtelen\u00edt\u00e9shez a Keleti \u00e9s a Nyugat orvosl\u00e1s szerint.\",\"breadcrumb\":{\"@id\":\"https:\/\/titanillaeideh.com\/tavaszi-megujulas-holisztikusan-integraltan-1-resz\/#breadcrumb\"},\"inLanguage\":\"it-IT\",\"potentialAction\":[{\"@type\":\"ReadAction\",\"target\":[\"https:\/\/titanillaeideh.com\/tavaszi-megujulas-holisztikusan-integraltan-1-resz\/\"]}]},{\"@type\":\"ImageObject\",\"inLanguage\":\"it-IT\",\"@id\":\"https:\/\/titanillaeideh.com\/tavaszi-megujulas-holisztikusan-integraltan-1-resz\/#primaryimage\",\"url\":\"https:\/\/titanillaeideh.com\/wp-content\/uploads\/Szines-Akupunktura-XII.png\",\"contentUrl\":\"https:\/\/titanillaeideh.com\/wp-content\/uploads\/Szines-Akupunktura-XII.png\",\"width\":1920,\"height\":1278},{\"@type\":\"BreadcrumbList\",\"@id\":\"https:\/\/titanillaeideh.com\/tavaszi-megujulas-holisztikusan-integraltan-1-resz\/#breadcrumb\",\"itemListElement\":[{\"@type\":\"ListItem\",\"position\":1,\"name\":\"Home\",\"item\":\"https:\/\/titanillaeideh.com\/\"},{\"@type\":\"ListItem\",\"position\":2,\"name\":\"Tavaszi meg\u00fajul\u00e1s holisztikusan, integr\u00e1ltan 1.r\u00e9sz\"}]},{\"@type\":\"WebSite\",\"@id\":\"https:\/\/titanillaeideh.com\/#website\",\"url\":\"https:\/\/titanillaeideh.com\/\",\"name\":\"Titanilla Eideh\",\"description\":\"Sch\u00fcssler s\u00f3k, integr\u00e1l coaching, tr\u00e9ningek, spiritualit\u00e1s\",\"publisher\":{\"@id\":\"https:\/\/titanillaeideh.com\/#\/schema\/person\/3a6082ce6b4aa7e2fc1c9e09a1588a2a\"},\"potentialAction\":[{\"@type\":\"SearchAction\",\"target\":{\"@type\":\"EntryPoint\",\"urlTemplate\":\"https:\/\/titanillaeideh.com\/?s={search_term_string}\"},\"query-input\":{\"@type\":\"PropertyValueSpecification\",\"valueRequired\":true,\"valueName\":\"search_term_string\"}}],\"inLanguage\":\"it-IT\"},{\"@type\":[\"Person\",\"Organization\"],\"@id\":\"https:\/\/titanillaeideh.com\/#\/schema\/person\/3a6082ce6b4aa7e2fc1c9e09a1588a2a\",\"name\":\"Eideh Titanilla\",\"image\":{\"@type\":\"ImageObject\",\"inLanguage\":\"it-IT\",\"@id\":\"https:\/\/titanillaeideh.com\/#\/schema\/person\/image\/\",\"url\":\"https:\/\/secure.gravatar.com\/avatar\/5313cc31c079db4a9c35c765d583e4baec7e37200590f4177bb2e208b451bbeb?s=96&d=mm&r=g\",\"contentUrl\":\"https:\/\/secure.gravatar.com\/avatar\/5313cc31c079db4a9c35c765d583e4baec7e37200590f4177bb2e208b451bbeb?s=96&d=mm&r=g\",\"caption\":\"Eideh Titanilla\"},\"logo\":{\"@id\":\"https:\/\/titanillaeideh.com\/#\/schema\/person\/image\/\"}},{\"@type\":\"Person\",\"@id\":\"https:\/\/titanillaeideh.com\/#\/schema\/person\/2736691f977bd561db978b7b76e8c073\",\"name\":\"Eideh Titanilla\",\"image\":{\"@type\":\"ImageObject\",\"inLanguage\":\"it-IT\",\"@id\":\"https:\/\/titanillaeideh.com\/#\/schema\/person\/image\/\",\"url\":\"https:\/\/secure.gravatar.com\/avatar\/eb2d2ec5cc06ab18fc0d9c3b0eae422184a8b1ee45eef2b8a1fbe561555bf925?s=96&d=mm&r=g\",\"contentUrl\":\"https:\/\/secure.gravatar.com\/avatar\/eb2d2ec5cc06ab18fc0d9c3b0eae422184a8b1ee45eef2b8a1fbe561555bf925?s=96&d=mm&r=g\",\"caption\":\"Eideh Titanilla\"},\"sameAs\":[\"Zsuzsi\"],\"url\":\"https:\/\/titanillaeideh.com\/it\/author\/titanill\/\"}]}<\/script>\n<!-- \/ Yoast SEO plugin. -->","yoast_head_json":{"title":"Rinnovare la primavera in modo olistico e integrato Parte 1 | Titanilla Eideh","description":"Pensate con buon senso e capirete cosa \u00e8 necessario e perch\u00e9 per la disintossicazione primaverile secondo la medicina orientale e occidentale.","robots":{"index":"index","follow":"follow","max-snippet":"max-snippet:-1","max-image-preview":"max-image-preview:large","max-video-preview":"max-video-preview:-1"},"canonical":"https:\/\/titanillaeideh.com\/it\/primavera-megujulas-olistico-integrale-1-resz\/","og_locale":"it_IT","og_type":"article","og_title":"Tavaszi meg\u00fajul\u00e1s holisztikusan, integr\u00e1ltan 1.r\u00e9sz | Titanilla Eideh","og_description":"Gondolkozz j\u00f3zan \u00e9sszel, \u00e9s meg\u00e9rted, mi sz\u00fcks\u00e9ges, \u00e9s mi\u00e9rt a tavaszi m\u00e9regtelen\u00edt\u00e9shez a Keleti \u00e9s a Nyugat orvosl\u00e1s szerint.","og_url":"https:\/\/titanillaeideh.com\/it\/primavera-megujulas-olistico-integrale-1-resz\/","og_site_name":"Titanilla Eideh","article_published_time":"2024-03-10T06:14:41+00:00","article_modified_time":"2024-03-10T06:36:22+00:00","og_image":[{"width":1024,"height":682,"url":"https:\/\/titanillaeideh.com\/wp-content\/uploads\/Szines-Akupunktura-XII-1024x682.png","type":"image\/png"}],"author":"Eideh Titanilla","twitter_card":"summary_large_image","twitter_misc":{"Scritto da":"Eideh Titanilla","Tempo di lettura stimato":"5 minuti"},"schema":{"@context":"https:\/\/schema.org","@graph":[{"@type":"Article","@id":"https:\/\/titanillaeideh.com\/tavaszi-megujulas-holisztikusan-integraltan-1-resz\/#article","isPartOf":{"@id":"https:\/\/titanillaeideh.com\/tavaszi-megujulas-holisztikusan-integraltan-1-resz\/"},"author":{"name":"Eideh Titanilla","@id":"https:\/\/titanillaeideh.com\/#\/schema\/person\/2736691f977bd561db978b7b76e8c073"},"headline":"Tavaszi meg\u00fajul\u00e1s holisztikusan, integr\u00e1ltan 1.r\u00e9sz","datePublished":"2024-03-10T06:14:41+00:00","dateModified":"2024-03-10T06:36:22+00:00","mainEntityOfPage":{"@id":"https:\/\/titanillaeideh.com\/tavaszi-megujulas-holisztikusan-integraltan-1-resz\/"},"wordCount":1518,"publisher":{"@id":"https:\/\/titanillaeideh.com\/#\/schema\/person\/3a6082ce6b4aa7e2fc1c9e09a1588a2a"},"image":{"@id":"https:\/\/titanillaeideh.com\/tavaszi-megujulas-holisztikusan-integraltan-1-resz\/#primaryimage"},"thumbnailUrl":"https:\/\/titanillaeideh.com\/wp-content\/uploads\/Szines-Akupunktura-XII.png","articleSection":["Eg\u00e9szs\u00e9gfejleszt\u00e9s","HKO","Sch\u00fcssler s\u00f3"],"inLanguage":"it-IT"},{"@type":"WebPage","@id":"https:\/\/titanillaeideh.com\/tavaszi-megujulas-holisztikusan-integraltan-1-resz\/","url":"https:\/\/titanillaeideh.com\/tavaszi-megujulas-holisztikusan-integraltan-1-resz\/","name":"Rinnovare la primavera in modo olistico e integrato Parte 1 | Titanilla Eideh","isPartOf":{"@id":"https:\/\/titanillaeideh.com\/#website"},"primaryImageOfPage":{"@id":"https:\/\/titanillaeideh.com\/tavaszi-megujulas-holisztikusan-integraltan-1-resz\/#primaryimage"},"image":{"@id":"https:\/\/titanillaeideh.com\/tavaszi-megujulas-holisztikusan-integraltan-1-resz\/#primaryimage"},"thumbnailUrl":"https:\/\/titanillaeideh.com\/wp-content\/uploads\/Szines-Akupunktura-XII.png","datePublished":"2024-03-10T06:14:41+00:00","dateModified":"2024-03-10T06:36:22+00:00","description":"Pensate con buon senso e capirete cosa \u00e8 necessario e perch\u00e9 per la disintossicazione primaverile secondo la medicina orientale e occidentale.","breadcrumb":{"@id":"https:\/\/titanillaeideh.com\/tavaszi-megujulas-holisztikusan-integraltan-1-resz\/#breadcrumb"},"inLanguage":"it-IT","potentialAction":[{"@type":"ReadAction","target":["https:\/\/titanillaeideh.com\/tavaszi-megujulas-holisztikusan-integraltan-1-resz\/"]}]},{"@type":"ImageObject","inLanguage":"it-IT","@id":"https:\/\/titanillaeideh.com\/tavaszi-megujulas-holisztikusan-integraltan-1-resz\/#primaryimage","url":"https:\/\/titanillaeideh.com\/wp-content\/uploads\/Szines-Akupunktura-XII.png","contentUrl":"https:\/\/titanillaeideh.com\/wp-content\/uploads\/Szines-Akupunktura-XII.png","width":1920,"height":1278},{"@type":"BreadcrumbList","@id":"https:\/\/titanillaeideh.com\/tavaszi-megujulas-holisztikusan-integraltan-1-resz\/#breadcrumb","itemListElement":[{"@type":"ListItem","position":1,"name":"Home","item":"https:\/\/titanillaeideh.com\/"},{"@type":"ListItem","position":2,"name":"Tavaszi meg\u00fajul\u00e1s holisztikusan, integr\u00e1ltan 1.r\u00e9sz"}]},{"@type":"WebSite","@id":"https:\/\/titanillaeideh.com\/#website","url":"https:\/\/titanillaeideh.com\/","name":"Titanilla Eideh","description":"Sali di Sch\u00fcssler, coaching integrale, formazione, spiritualit\u00e0","publisher":{"@id":"https:\/\/titanillaeideh.com\/#\/schema\/person\/3a6082ce6b4aa7e2fc1c9e09a1588a2a"},"potentialAction":[{"@type":"SearchAction","target":{"@type":"EntryPoint","urlTemplate":"https:\/\/titanillaeideh.com\/?s={search_term_string}"},"query-input":{"@type":"PropertyValueSpecification","valueRequired":true,"valueName":"search_term_string"}}],"inLanguage":"it-IT"},{"@type":["Person","Organization"],"@id":"https:\/\/titanillaeideh.com\/#\/schema\/person\/3a6082ce6b4aa7e2fc1c9e09a1588a2a","name":"Eideh Titanilla","image":{"@type":"ImageObject","inLanguage":"it-IT","@id":"https:\/\/titanillaeideh.com\/#\/schema\/person\/image\/","url":"https:\/\/secure.gravatar.com\/avatar\/5313cc31c079db4a9c35c765d583e4baec7e37200590f4177bb2e208b451bbeb?s=96&d=mm&r=g","contentUrl":"https:\/\/secure.gravatar.com\/avatar\/5313cc31c079db4a9c35c765d583e4baec7e37200590f4177bb2e208b451bbeb?s=96&d=mm&r=g","caption":"Eideh Titanilla"},"logo":{"@id":"https:\/\/titanillaeideh.com\/#\/schema\/person\/image\/"}},{"@type":"Person","@id":"https:\/\/titanillaeideh.com\/#\/schema\/person\/2736691f977bd561db978b7b76e8c073","name":"Eideh Titanilla","image":{"@type":"ImageObject","inLanguage":"it-IT","@id":"https:\/\/titanillaeideh.com\/#\/schema\/person\/image\/","url":"https:\/\/secure.gravatar.com\/avatar\/eb2d2ec5cc06ab18fc0d9c3b0eae422184a8b1ee45eef2b8a1fbe561555bf925?s=96&d=mm&r=g","contentUrl":"https:\/\/secure.gravatar.com\/avatar\/eb2d2ec5cc06ab18fc0d9c3b0eae422184a8b1ee45eef2b8a1fbe561555bf925?s=96&d=mm&r=g","caption":"Eideh Titanilla"},"sameAs":["Zsuzsi"],"url":"https:\/\/titanillaeideh.com\/it\/author\/titanill\/"}]}},"_links":{"self":[{"href":"https:\/\/titanillaeideh.com\/it\/wp-json\/wp\/v2\/posts\/10946","targetHints":{"allow":["GET"]}}],"collection":[{"href":"https:\/\/titanillaeideh.com\/it\/wp-json\/wp\/v2\/posts"}],"about":[{"href":"https:\/\/titanillaeideh.com\/it\/wp-json\/wp\/v2\/types\/post"}],"author":[{"embeddable":true,"href":"https:\/\/titanillaeideh.com\/it\/wp-json\/wp\/v2\/users\/2"}],"replies":[{"embeddable":true,"href":"https:\/\/titanillaeideh.com\/it\/wp-json\/wp\/v2\/comments?post=10946"}],"version-history":[{"count":0,"href":"https:\/\/titanillaeideh.com\/it\/wp-json\/wp\/v2\/posts\/10946\/revisions"}],"wp:featuredmedia":[{"embeddable":true,"href":"https:\/\/titanillaeideh.com\/it\/wp-json\/wp\/v2\/media\/10584"}],"wp:attachment":[{"href":"https:\/\/titanillaeideh.com\/it\/wp-json\/wp\/v2\/media?parent=10946"}],"wp:term":[{"taxonomy":"category","embeddable":true,"href":"https:\/\/titanillaeideh.com\/it\/wp-json\/wp\/v2\/categories?post=10946"},{"taxonomy":"post_tag","embeddable":true,"href":"https:\/\/titanillaeideh.com\/it\/wp-json\/wp\/v2\/tags?post=10946"}],"curies":[{"name":"wp","href":"https:\/\/api.w.org\/{rel}","templated":true}]}}